{"id":2972,"date":"2026-01-05T18:35:11","date_gmt":"2026-01-05T17:35:11","guid":{"rendered":"https:\/\/knfsh.al\/?p=2972"},"modified":"2026-01-05T18:41:16","modified_gmt":"2026-01-05T17:41:16","slug":"zhvillohet-mbledhja-e-bordit-te-presidences-te-keshillit-nderfetar-te-shqiperise","status":"publish","type":"post","link":"https:\/\/knfsh.al\/en\/zhvillohet-mbledhja-e-bordit-te-presidences-te-keshillit-nderfetar-te-shqiperise\/","title":{"rendered":"Zhvillohet mbledhja e Bordit t\u00eb Presidenc\u00ebs t\u00eb K\u00ebshillit Nd\u00ebrfetar t\u00eb Shqip\u00ebris\u00eb"},"content":{"rendered":"<p style=\"text-align: justify;\"><strong>Tiran\u00eb, 5 janar 2026<\/strong> \u2013 Bordi i Presidenc\u00ebs s\u00eb K\u00ebshillit Nd\u00ebrfetar t\u00eb Shqip\u00ebris\u00eb (KNFSH) ka zhvilluar dit\u00ebn e h\u00ebn\u00eb, m\u00eb 5 janar 2026, mbledhjen e par\u00eb t\u00eb vitit 2026.<\/p>\n<p style=\"text-align: justify;\">N\u00eb mbledhjen e zhvilluar n\u00eb ambientet e Kryegjyshat\u00ebs Bot\u00ebrore Bektashiane merrnin pjes\u00eb: H. Bujar Spahiu, Kryetar i Komunitetit Mysliman t\u00eb Shqip\u00ebris\u00eb; Fortlumturi e Tij Joani, Kryepeshkop i Tiran\u00ebs dhe i gjith\u00eb Shqip\u00ebris\u00eb, Kisha Ortodokse Autoqefale e Shqip\u00ebris\u00eb; Mons. Gjergj Meta, President i Konferenc\u00ebs Ipeshkvnore t\u00eb Shqip\u00ebris\u00eb; H. Dede Edmond Brahimaj, Kryegjyshi Bot\u00ebror i Kryegjyshat\u00ebs Bektashiane; dhe Pastor Erion Sylari, Kryetar i V\u00ebllaz\u00ebris\u00eb Ungjillore t\u00eb Shqip\u00ebris\u00eb.<\/p>\n<p style=\"text-align: justify;\">Mbledhja \u00ebsht\u00eb hapur fillimisht nga i zoti i sht\u00ebpis\u00eb Haxhi Dede Edmond Brahimaj, i cili i ka uruar Bordit mir\u00ebseardhjen. M\u00eb pas Mons. Gjergj Meta kryetari n\u00eb detyr\u00eb i KNFSH-s\u00eb, bazuar n\u00eb statutin e K\u00ebshillit Nd\u00ebrfetar t\u00eb Shqip\u00ebris\u00eb dhe rotacionit t\u00eb miratuar nga Bordi i Presidenc\u00ebs, i ka dor\u00ebzuar detyr\u00ebn Kryegjyshit Bot\u00ebror t\u00eb Bektashinjve, Haxhi Dede Edmond Brahimaj, i cili do t\u00eb kryesoj\u00eb Bordin e Presidenc\u00ebs p\u00ebr periudh\u00ebn 1 janar 2026 &#8211; 1 janar 2027.<\/p>\n<p style=\"text-align: justify;\">N\u00eb vijim t\u00eb rendit t\u00eb dit\u00ebs, Sekretari i P\u00ebrgjithsh\u00ebm i KNFSH-s\u00eb, Prof. Asoc. Dr. Genti Kruja ka prezantuar faz\u00ebn finale t\u00eb Planit Strategjik t\u00eb KNFSH-s\u00eb, t\u00eb hartuar nga grupi i pun\u00ebs p\u00ebr periudh\u00ebn 2026-2028. Plani p\u00ebrcakton orientimet kryesore t\u00eb veprimtaris\u00eb s\u00eb K\u00ebshillit Nd\u00ebrfetar p\u00ebr tre vitet e ardhshme, me fokus forcimin e dialogut nd\u00ebrfetar, promovimin e bashk\u00ebjetes\u00ebs paq\u00ebsore n\u00ebp\u00ebrmjet edukimit me vlerat universale, si dhe rritjen e rolit t\u00eb t\u00eb rinjve dhe grave n\u00eb shoq\u00ebri. Pas shqyrtimit dhe diskutimeve, Plani Strategjik u miratua unanimisht nga Bordi i Presidenc\u00ebs, i p\u00ebrb\u00ebr\u00eb nga krer\u00ebt e pes\u00eb komuniteteve fetare.<\/p>\n<p style=\"text-align: justify;\">M\u00eb pas Av. Sheldiana Jano Agaraj ka prezantuar aktivitetin financiar dhe m\u00eb pas Bordi ka miratuar buxhetin p\u00ebr vitin 2026, i cili do t\u00eb sh\u00ebrbej\u00eb p\u00ebr mb\u00ebshtetjen e aktiviteteve dhe projekteve t\u00eb planifikuara n\u00eb kuad\u00ebr t\u00eb zbatimit t\u00eb Planit Strategjik.<\/p>\n<p style=\"text-align: justify;\">Gjat\u00eb mbledhjes u zhvilluan diskutime dhe propozime nga an\u00ebtar\u00ebt e Bordit t\u00eb Presidenc\u00ebs mbi \u00e7\u00ebshtje t\u00eb aktualitetit shoq\u00ebror dhe rolin e komuniteteve fetare n\u00eb adresimin e sfidave sociale, edukative dhe kulturore.<\/p>\n<p style=\"text-align: justify;\">N\u00eb p\u00ebrfundim, u firmos\u00ebn vendimet e marra dhe u trajtuan \u00e7\u00ebshtje t\u00eb tjera me interes p\u00ebr veprimtarin\u00eb dhe angazhimin e m\u00ebtejsh\u00ebm t\u00eb K\u00ebshillit Nd\u00ebrfetar t\u00eb Shqip\u00ebris\u00eb n\u00eb sh\u00ebrbim t\u00eb dialogut, harmonis\u00eb dhe bashk\u00ebjetes\u00ebs nd\u00ebrfetare n\u00eb vend.<\/p>\n<p><img loading=\"lazy\" decoding=\"async\" class=\"alignleft size-full wp-image-2974\" src=\"https:\/\/knfsh.al\/wp-content\/uploads\/2026\/01\/DSC_9814.jpg\" alt=\"\" width=\"1560\" height=\"1080\" srcset=\"https:\/\/knfsh.al\/wp-content\/uploads\/2026\/01\/DSC_9814.jpg 1560w, https:\/\/knfsh.al\/wp-content\/uploads\/2026\/01\/DSC_9814-300x208.jpg 300w, https:\/\/knfsh.al\/wp-content\/uploads\/2026\/01\/DSC_9814-1024x709.jpg 1024w, https:\/\/knfsh.al\/wp-content\/uploads\/2026\/01\/DSC_9814-768x532.jpg 768w, https:\/\/knfsh.al\/wp-content\/uploads\/2026\/01\/DSC_9814-1536x1063.jpg 1536w, https:\/\/knfsh.al\/wp-content\/uploads\/2026\/01\/DSC_9814-18x12.jpg 18w, https:\/\/knfsh.al\/wp-content\/uploads\/2026\/01\/DSC_9814-260x180.jpg 260w\" sizes=\"auto, (max-width: 1560px) 100vw, 1560px\" \/><img loading=\"lazy\" decoding=\"async\" class=\"alignleft size-full wp-image-2975\" src=\"https:\/\/knfsh.al\/wp-content\/uploads\/2026\/01\/DSC_9806.jpg\" alt=\"\" width=\"1487\" height=\"1160\" srcset=\"https:\/\/knfsh.al\/wp-content\/uploads\/2026\/01\/DSC_9806.jpg 1487w, https:\/\/knfsh.al\/wp-content\/uploads\/2026\/01\/DSC_9806-300x234.jpg 300w, https:\/\/knfsh.al\/wp-content\/uploads\/2026\/01\/DSC_9806-1024x799.jpg 1024w, https:\/\/knfsh.al\/wp-content\/uploads\/2026\/01\/DSC_9806-768x599.jpg 768w, https:\/\/knfsh.al\/wp-content\/uploads\/2026\/01\/DSC_9806-15x12.jpg 15w\" sizes=\"auto, (max-width: 1487px) 100vw, 1487px\" \/> <img loading=\"lazy\" decoding=\"async\" class=\"alignleft size-full wp-image-2976\" src=\"https:\/\/knfsh.al\/wp-content\/uploads\/2026\/01\/DSC_9821.jpg\" alt=\"\" width=\"1598\" height=\"1007\" srcset=\"https:\/\/knfsh.al\/wp-content\/uploads\/2026\/01\/DSC_9821.jpg 1598w, https:\/\/knfsh.al\/wp-content\/uploads\/2026\/01\/DSC_9821-300x189.jpg 300w, https:\/\/knfsh.al\/wp-content\/uploads\/2026\/01\/DSC_9821-1024x645.jpg 1024w, https:\/\/knfsh.al\/wp-content\/uploads\/2026\/01\/DSC_9821-768x484.jpg 768w, https:\/\/knfsh.al\/wp-content\/uploads\/2026\/01\/DSC_9821-1536x968.jpg 1536w, https:\/\/knfsh.al\/wp-content\/uploads\/2026\/01\/DSC_9821-18x12.jpg 18w\" sizes=\"auto, (max-width: 1598px) 100vw, 1598px\" \/> <img loading=\"lazy\" decoding=\"async\" class=\"alignleft size-full wp-image-2977\" src=\"https:\/\/knfsh.al\/wp-content\/uploads\/2026\/01\/DSC_9823.jpg\" alt=\"\" width=\"1539\" height=\"1003\" srcset=\"https:\/\/knfsh.al\/wp-content\/uploads\/2026\/01\/DSC_9823.jpg 1539w, https:\/\/knfsh.al\/wp-content\/uploads\/2026\/01\/DSC_9823-300x196.jpg 300w, https:\/\/knfsh.al\/wp-content\/uploads\/2026\/01\/DSC_9823-1024x667.jpg 1024w, https:\/\/knfsh.al\/wp-content\/uploads\/2026\/01\/DSC_9823-768x501.jpg 768w, https:\/\/knfsh.al\/wp-content\/uploads\/2026\/01\/DSC_9823-1536x1001.jpg 1536w, https:\/\/knfsh.al\/wp-content\/uploads\/2026\/01\/DSC_9823-18x12.jpg 18w\" sizes=\"auto, (max-width: 1539px) 100vw, 1539px\" \/> <img loading=\"lazy\" decoding=\"async\" class=\"alignleft size-full wp-image-2978\" src=\"https:\/\/knfsh.al\/wp-content\/uploads\/2026\/01\/DSC_9826.jpg\" alt=\"\" width=\"1478\" height=\"1132\" srcset=\"https:\/\/knfsh.al\/wp-content\/uploads\/2026\/01\/DSC_9826.jpg 1478w, https:\/\/knfsh.al\/wp-content\/uploads\/2026\/01\/DSC_9826-300x230.jpg 300w, https:\/\/knfsh.al\/wp-content\/uploads\/2026\/01\/DSC_9826-1024x784.jpg 1024w, https:\/\/knfsh.al\/wp-content\/uploads\/2026\/01\/DSC_9826-768x588.jpg 768w, https:\/\/knfsh.al\/wp-content\/uploads\/2026\/01\/DSC_9826-16x12.jpg 16w\" sizes=\"auto, (max-width: 1478px) 100vw, 1478px\" \/> <img loading=\"lazy\" decoding=\"async\" class=\"alignleft size-full wp-image-2979\" src=\"https:\/\/knfsh.al\/wp-content\/uploads\/2026\/01\/DSC_9835.jpg\" alt=\"\" width=\"1492\" height=\"1063\" srcset=\"https:\/\/knfsh.al\/wp-content\/uploads\/2026\/01\/DSC_9835.jpg 1492w, https:\/\/knfsh.al\/wp-content\/uploads\/2026\/01\/DSC_9835-300x214.jpg 300w, https:\/\/knfsh.al\/wp-content\/uploads\/2026\/01\/DSC_9835-1024x730.jpg 1024w, https:\/\/knfsh.al\/wp-content\/uploads\/2026\/01\/DSC_9835-768x547.jpg 768w, https:\/\/knfsh.al\/wp-content\/uploads\/2026\/01\/DSC_9835-18x12.jpg 18w\" sizes=\"auto, (max-width: 1492px) 100vw, 1492px\" \/><\/p>","protected":false},"excerpt":{"rendered":"<p>Tiran\u00eb, 5 janar 2026 \u2013 Bordi i Presidenc\u00ebs s\u00eb K\u00ebshillit Nd\u00ebrfetar t\u00eb Shqip\u00ebris\u00eb (KNFSH) ka zhvilluar dit\u00ebn e h\u00ebn\u00eb, m\u00eb 5 janar 2026, mbledhjen e par\u00eb t\u00eb vitit 2026. N\u00eb&#8230;<\/p>","protected":false},"author":2,"featured_media":2973,"comment_status":"closed","ping_status":"closed","sticky":false,"template":"","format":"standard","meta":{"footnotes":""},"categories":[33,160],"tags":[],"class_list":["post-2972","post","type-post","status-publish","format-standard","has-post-thumbnail","hentry","category-aktivitete","category-lajme"],"rttpg_featured_image_url":{"full":["https:\/\/knfsh.al\/wp-content\/uploads\/2026\/01\/DSC_9783.jpg",1479,802,false],"landscape":["https:\/\/knfsh.al\/wp-content\/uploads\/2026\/01\/DSC_9783.jpg",1479,802,false],"portraits":["https:\/\/knfsh.al\/wp-content\/uploads\/2026\/01\/DSC_9783.jpg",1479,802,false],"thumbnail":["https:\/\/knfsh.al\/wp-content\/uploads\/2026\/01\/DSC_9783-150x150.jpg",150,150,true],"medium":["https:\/\/knfsh.al\/wp-content\/uploads\/2026\/01\/DSC_9783-300x163.jpg",300,163,true],"large":["https:\/\/knfsh.al\/wp-content\/uploads\/2026\/01\/DSC_9783-1024x555.jpg",900,488,true],"1536x1536":["https:\/\/knfsh.al\/wp-content\/uploads\/2026\/01\/DSC_9783.jpg",1479,802,false],"2048x2048":["https:\/\/knfsh.al\/wp-content\/uploads\/2026\/01\/DSC_9783.jpg",1479,802,false],"trp-custom-language-flag":["https:\/\/knfsh.al\/wp-content\/uploads\/2026\/01\/DSC_9783-18x10.jpg",18,10,true],"post-thumbnail":["https:\/\/knfsh.al\/wp-content\/uploads\/2026\/01\/DSC_9783-360x220.jpg",360,220,true],"blog-single":["https:\/\/knfsh.al\/wp-content\/uploads\/2026\/01\/DSC_9783-750x390.jpg",750,390,true],"events-thumb":["https:\/\/knfsh.al\/wp-content\/uploads\/2026\/01\/DSC_9783-170x150.jpg",170,150,true],"events-single":["https:\/\/knfsh.al\/wp-content\/uploads\/2026\/01\/DSC_9783-225x240.jpg",225,240,true],"courses-single":["https:\/\/knfsh.al\/wp-content\/uploads\/2026\/01\/DSC_9783-770x220.jpg",770,220,true],"slider-image":["https:\/\/knfsh.al\/wp-content\/uploads\/2026\/01\/DSC_9783-770x400.jpg",770,400,true],"gallery-thumb":["https:\/\/knfsh.al\/wp-content\/uploads\/2026\/01\/DSC_9783-260x180.jpg",260,180,true],"widget-blog-thumb":["https:\/\/knfsh.al\/wp-content\/uploads\/2026\/01\/DSC_9783-65x65.jpg",65,65,true]},"rttpg_author":{"display_name":"genti","author_link":"https:\/\/knfsh.al\/en\/author\/genti\/"},"rttpg_comment":0,"rttpg_category":"<a href=\"https:\/\/knfsh.al\/en\/category\/aktivitete\/\">Aktivitete<\/a> <a href=\"https:\/\/knfsh.al\/en\/category\/lajme\/\">Lajme<\/a>","rttpg_excerpt":"Tiran\u00eb, 5 janar 2026 \u2013 Bordi i Presidenc\u00ebs s\u00eb K\u00ebshillit Nd\u00ebrfetar t\u00eb Shqip\u00ebris\u00eb (KNFSH) ka zhvilluar dit\u00ebn e h\u00ebn\u00eb, m\u00eb 5 janar 2026, mbledhjen e par\u00eb t\u00eb vitit 2026. N\u00eb...","_links":{"self":[{"href":"https:\/\/knfsh.al\/en\/wp-json\/wp\/v2\/posts\/2972","targetHints":{"allow":["GET"]}}],"collection":[{"href":"https:\/\/knfsh.al\/en\/wp-json\/wp\/v2\/posts"}],"about":[{"href":"https:\/\/knfsh.al\/en\/wp-json\/wp\/v2\/types\/post"}],"author":[{"embeddable":true,"href":"https:\/\/knfsh.al\/en\/wp-json\/wp\/v2\/users\/2"}],"replies":[{"embeddable":true,"href":"https:\/\/knfsh.al\/en\/wp-json\/wp\/v2\/comments?post=2972"}],"version-history":[{"count":2,"href":"https:\/\/knfsh.al\/en\/wp-json\/wp\/v2\/posts\/2972\/revisions"}],"predecessor-version":[{"id":2981,"href":"https:\/\/knfsh.al\/en\/wp-json\/wp\/v2\/posts\/2972\/revisions\/2981"}],"wp:featuredmedia":[{"embeddable":true,"href":"https:\/\/knfsh.al\/en\/wp-json\/wp\/v2\/media\/2973"}],"wp:attachment":[{"href":"https:\/\/knfsh.al\/en\/wp-json\/wp\/v2\/media?parent=2972"}],"wp:term":[{"taxonomy":"category","embeddable":true,"href":"https:\/\/knfsh.al\/en\/wp-json\/wp\/v2\/categories?post=2972"},{"taxonomy":"post_tag","embeddable":true,"href":"https:\/\/knfsh.al\/en\/wp-json\/wp\/v2\/tags?post=2972"}],"curies":[{"name":"wp","href":"https:\/\/api.w.org\/{rel}","templated":true}]}}