{"id":2454,"date":"2025-01-07T09:22:17","date_gmt":"2025-01-07T08:22:17","guid":{"rendered":"https:\/\/knfsh.al\/?p=2454"},"modified":"2025-01-07T09:22:17","modified_gmt":"2025-01-07T08:22:17","slug":"mons-gjergj-meta-kryeson-presidencen-e-knfsh-se-per-vitin-2025","status":"publish","type":"post","link":"https:\/\/knfsh.al\/en\/mons-gjergj-meta-kryeson-presidencen-e-knfsh-se-per-vitin-2025\/","title":{"rendered":"Mons. Gjergj Meta kryeson presidenc\u00ebn e KNFSH-s\u00eb p\u00ebr vitin 2025"},"content":{"rendered":"<p style=\"text-align: justify;\">Bazuar n\u00eb statutin e K\u00ebshillit Nd\u00ebrfetar t\u00eb Shqip\u00ebris\u00eb, neni 12, pika a, ku thuhet se, \u201cK\u00ebshilli i Presidenc\u00ebs do t\u00eb p\u00ebrcaktoj\u00eb\u00a0 Kryetarin e K\u00ebshillit t\u00eb Presidenc\u00ebs \u00e7do nj\u00eb vit sipas formul\u00ebs s\u00eb rrotacionit\u2026\u201d, p\u00ebr periudh\u00ebn 1 janar 2025 &#8211; 31 dhjetor 2025, kryetar i KNFSH-s\u00eb do t\u00eb jet\u00eb kreu i Kish\u00ebs Katolike t\u00eb Shqip\u00ebris\u00eb Mons. Gjergj Meta (Kryetar i Konferenc\u00ebs Ipeshkvore t\u00eb Shqip\u00ebris\u00eb dhe Arqipeshkv i Dioqez\u00ebs s\u00eb Rr\u00ebshenit), i cili vjen pas mandatit t\u00eb Fortlumturis\u00eb s\u00eb Tij Anastas Janullatos (Kryepeshkop i Kish\u00ebs Ortodokse Autoqefale t\u00eb Shqip\u00ebris\u00eb), i cili \u00ebsht\u00eb dhe nj\u00eb nga themeluesit e KNFSH-s\u00eb m\u00eb 2007 dhe kryetar i K\u00ebshillit Nd\u00ebrfetar p\u00ebr dy mandate (2018-2019 dhe 2024).<\/p>\n<p style=\"text-align: justify;\">Mons. Gjergj Meta \u00ebsht\u00eb k\u00ebshtu kryetari i shtat\u00eb i K\u00ebshillit Nd\u00ebrfetar t\u00eb Shqip\u00ebris\u00eb, rotacion i cili nisi zbatimin n\u00eb mbledhjen e 22 tetorit 2018, ku krer\u00ebt e komuniteteve fetare riorganizuan KNFSH-n\u00eb dhe p\u00ebrdit\u00ebsuan statutin, duke filluar k\u00ebshtu praktikisht dhe rotacionin e drejtimit t\u00eb K\u00ebshillit Nd\u00ebrfetar, miratuar nga Bordi i Presidenc\u00ebs, ku kreu i \u00e7do komuniteti fetar kryeson KNFSH-n\u00eb p\u00ebr nj\u00eb vit kalendarik.<\/p>\n<p style=\"text-align: justify;\"><strong>Who is Mons. Gjergj Meta?<\/strong><\/p>\n<p style=\"text-align: justify;\">Gjergj Meta \u00ebsht\u00eb nj\u00eb figur\u00eb e shquar e Kish\u00ebs Katolike Shqiptare, i lindur m\u00eb 30 prill 1976 n\u00eb Durr\u00ebs. Ai ka ndjekur studimet filozofike dhe teologjike n\u00eb Itali, ku p\u00ebrfundoi studimet n\u00eb Fakultetin Teologjik t\u00eb Puglias dhe mori formim t\u00eb thelluar n\u00eb Seminarin Nd\u00ebrkrahisor Puliez &#8220;Piu XI&#8221;. Pas shugurimit si meshtar n\u00eb 2001, ka sh\u00ebrbyer n\u00eb pozita t\u00eb ndryshme kishtare, fillimisht si zv\/famullitar n\u00eb Durr\u00ebs dhe Tiran\u00eb, dhe m\u00eb pas si administrator i Famullis\u00eb Katedrale t\u00eb Sh\u00ebn Palit n\u00eb Tiran\u00eb, famullitar n\u00eb Kam\u00ebz Luz dhe Gramz\u00eb, dhe famullitar i Sh\u00ebn Lu\u00e7is\u00eb n\u00eb Durr\u00ebs. Gjithashtu, ka pasur nj\u00eb rol t\u00eb r\u00ebnd\u00ebsish\u00ebm si Dekan i Dekanatit Per\u00ebndimor dhe Vikar i P\u00ebrgjithsh\u00ebm i Arkidioqez\u00ebs Tiran\u00eb-Durr\u00ebs.<\/p>\n<p style=\"text-align: justify;\">After his ordination as a priest in 2001, he served in various ecclesiastical positions, initially as deputy parish priest in Durr\u00ebs and Tirana, and later as administrator of the Cathedral Parish of St. Paul in Tirana, parish priest in Kam\u00ebz, Luz, and Gramz\u00eb, and parish priest of St. Lucia in Durr\u00ebs. He also played an important role as Dean of the Western Deanery and Vicar General of the Archdiocese of Tirana-Durr\u00ebs.<\/p>\n<p style=\"text-align: justify;\">N\u00eb tetor 2023, ai em\u00ebrohet nga Papa Fran\u00e7esku, si an\u00ebtar i Sinodit t\u00eb Ipeshkvinj\u00ebve mbi Sinodalitetin.<\/p>\n<p style=\"text-align: justify;\">Nd\u00ebrsa n\u00eb vitin 2024 Mons. Gjergj Meta zgjidhet si President i Konferenc\u00ebs Ipeshkvore t\u00eb Shqip\u00ebris\u00eb, duke udh\u00ebhequr Kish\u00ebn Katolike n\u00eb vend dhe duke kontribuar n\u00eb zhvillimin e saj n\u00eb nivel komb\u00ebtar dhe nd\u00ebrkomb\u00ebtar.<\/p>\n<p>In 2024, Mons. Gjergj Meta was elected President of the Albanian Episcopal Conference, leading the Catholic Church in Albania and contributing to its development at both national and international levels.<\/p>\n<p><img loading=\"lazy\" decoding=\"async\" class=\"aligncenter size-full wp-image-2332\" src=\"https:\/\/knfsh.al\/wp-content\/uploads\/2024\/06\/RAD61582.jpg\" alt=\"\" width=\"1023\" height=\"682\" srcset=\"https:\/\/knfsh.al\/wp-content\/uploads\/2024\/06\/RAD61582.jpg 1023w, https:\/\/knfsh.al\/wp-content\/uploads\/2024\/06\/RAD61582-300x200.jpg 300w, https:\/\/knfsh.al\/wp-content\/uploads\/2024\/06\/RAD61582-768x512.jpg 768w, https:\/\/knfsh.al\/wp-content\/uploads\/2024\/06\/RAD61582-18x12.jpg 18w\" sizes=\"auto, (max-width: 1023px) 100vw, 1023px\" \/><img loading=\"lazy\" decoding=\"async\" class=\"aligncenter size-full wp-image-2445\" src=\"https:\/\/knfsh.al\/wp-content\/uploads\/2025\/01\/gjer-meta-janullatos.jpg\" alt=\"\" width=\"950\" height=\"663\" srcset=\"https:\/\/knfsh.al\/wp-content\/uploads\/2025\/01\/gjer-meta-janullatos.jpg 950w, https:\/\/knfsh.al\/wp-content\/uploads\/2025\/01\/gjer-meta-janullatos-300x209.jpg 300w, https:\/\/knfsh.al\/wp-content\/uploads\/2025\/01\/gjer-meta-janullatos-768x536.jpg 768w, https:\/\/knfsh.al\/wp-content\/uploads\/2025\/01\/gjer-meta-janullatos-18x12.jpg 18w, https:\/\/knfsh.al\/wp-content\/uploads\/2025\/01\/gjer-meta-janullatos-260x180.jpg 260w\" sizes=\"auto, (max-width: 950px) 100vw, 950px\" \/><img loading=\"lazy\" decoding=\"async\" class=\"aligncenter size-full wp-image-2446\" src=\"https:\/\/knfsh.al\/wp-content\/uploads\/2025\/01\/gjergj-meta-bujar-spahiu.jpg\" alt=\"\" width=\"1728\" height=\"1152\" srcset=\"https:\/\/knfsh.al\/wp-content\/uploads\/2025\/01\/gjergj-meta-bujar-spahiu.jpg 1728w, https:\/\/knfsh.al\/wp-content\/uploads\/2025\/01\/gjergj-meta-bujar-spahiu-300x200.jpg 300w, https:\/\/knfsh.al\/wp-content\/uploads\/2025\/01\/gjergj-meta-bujar-spahiu-1024x683.jpg 1024w, https:\/\/knfsh.al\/wp-content\/uploads\/2025\/01\/gjergj-meta-bujar-spahiu-768x512.jpg 768w, https:\/\/knfsh.al\/wp-content\/uploads\/2025\/01\/gjergj-meta-bujar-spahiu-1536x1024.jpg 1536w, https:\/\/knfsh.al\/wp-content\/uploads\/2025\/01\/gjergj-meta-bujar-spahiu-18x12.jpg 18w\" sizes=\"auto, (max-width: 1728px) 100vw, 1728px\" \/><img loading=\"lazy\" decoding=\"async\" class=\"aligncenter size-full wp-image-2451\" src=\"https:\/\/knfsh.al\/wp-content\/uploads\/2025\/01\/gjergj-meta-baba-mondi.jpg\" alt=\"\" width=\"1728\" height=\"1152\" srcset=\"https:\/\/knfsh.al\/wp-content\/uploads\/2025\/01\/gjergj-meta-baba-mondi.jpg 1728w, https:\/\/knfsh.al\/wp-content\/uploads\/2025\/01\/gjergj-meta-baba-mondi-300x200.jpg 300w, https:\/\/knfsh.al\/wp-content\/uploads\/2025\/01\/gjergj-meta-baba-mondi-1024x683.jpg 1024w, https:\/\/knfsh.al\/wp-content\/uploads\/2025\/01\/gjergj-meta-baba-mondi-768x512.jpg 768w, https:\/\/knfsh.al\/wp-content\/uploads\/2025\/01\/gjergj-meta-baba-mondi-1536x1024.jpg 1536w, https:\/\/knfsh.al\/wp-content\/uploads\/2025\/01\/gjergj-meta-baba-mondi-18x12.jpg 18w\" sizes=\"auto, (max-width: 1728px) 100vw, 1728px\" \/><img loading=\"lazy\" decoding=\"async\" class=\"aligncenter size-full wp-image-2447\" src=\"https:\/\/knfsh.al\/wp-content\/uploads\/2025\/01\/gjergj-meta-ergest-biti.jpg\" alt=\"\" width=\"12000\" height=\"9000\" \/><img loading=\"lazy\" decoding=\"async\" class=\"aligncenter size-full wp-image-2448\" src=\"https:\/\/knfsh.al\/wp-content\/uploads\/2025\/01\/gjergj-meta-genti-kruja.jpg\" alt=\"\" width=\"12000\" height=\"9000\" \/><\/p>","protected":false},"excerpt":{"rendered":"<p>Bazuar n\u00eb statutin e K\u00ebshillit Nd\u00ebrfetar t\u00eb Shqip\u00ebris\u00eb, neni 12, pika a, ku thuhet se, \u201cK\u00ebshilli i Presidenc\u00ebs do t\u00eb p\u00ebrcaktoj\u00eb\u00a0 Kryetarin e K\u00ebshillit t\u00eb Presidenc\u00ebs \u00e7do nj\u00eb vit sipas&#8230;<\/p>","protected":false},"author":2,"featured_media":2439,"comment_status":"closed","ping_status":"closed","sticky":false,"template":"","format":"standard","meta":{"footnotes":""},"categories":[33],"tags":[],"class_list":["post-2454","post","type-post","status-publish","format-standard","has-post-thumbnail","hentry","category-aktivitete"],"rttpg_featured_image_url":{"full":["https:\/\/knfsh.al\/wp-content\/uploads\/2025\/01\/Gjergj-Meta-profil.jpeg",682,417,false],"landscape":["https:\/\/knfsh.al\/wp-content\/uploads\/2025\/01\/Gjergj-Meta-profil.jpeg",682,417,false],"portraits":["https:\/\/knfsh.al\/wp-content\/uploads\/2025\/01\/Gjergj-Meta-profil.jpeg",682,417,false],"thumbnail":["https:\/\/knfsh.al\/wp-content\/uploads\/2025\/01\/Gjergj-Meta-profil-150x150.jpeg",150,150,true],"medium":["https:\/\/knfsh.al\/wp-content\/uploads\/2025\/01\/Gjergj-Meta-profil-300x183.jpeg",300,183,true],"large":["https:\/\/knfsh.al\/wp-content\/uploads\/2025\/01\/Gjergj-Meta-profil.jpeg",682,417,false],"1536x1536":["https:\/\/knfsh.al\/wp-content\/uploads\/2025\/01\/Gjergj-Meta-profil.jpeg",682,417,false],"2048x2048":["https:\/\/knfsh.al\/wp-content\/uploads\/2025\/01\/Gjergj-Meta-profil.jpeg",682,417,false],"trp-custom-language-flag":["https:\/\/knfsh.al\/wp-content\/uploads\/2025\/01\/Gjergj-Meta-profil-18x12.jpeg",18,12,true],"post-thumbnail":["https:\/\/knfsh.al\/wp-content\/uploads\/2025\/01\/Gjergj-Meta-profil-360x220.jpeg",360,220,true],"blog-single":["https:\/\/knfsh.al\/wp-content\/uploads\/2025\/01\/Gjergj-Meta-profil-682x390.jpeg",682,390,true],"events-thumb":["https:\/\/knfsh.al\/wp-content\/uploads\/2025\/01\/Gjergj-Meta-profil-170x150.jpeg",170,150,true],"events-single":["https:\/\/knfsh.al\/wp-content\/uploads\/2025\/01\/Gjergj-Meta-profil-225x240.jpeg",225,240,true],"courses-single":["https:\/\/knfsh.al\/wp-content\/uploads\/2025\/01\/Gjergj-Meta-profil-682x220.jpeg",682,220,true],"slider-image":["https:\/\/knfsh.al\/wp-content\/uploads\/2025\/01\/Gjergj-Meta-profil-682x400.jpeg",682,400,true],"gallery-thumb":["https:\/\/knfsh.al\/wp-content\/uploads\/2025\/01\/Gjergj-Meta-profil-260x180.jpeg",260,180,true],"widget-blog-thumb":["https:\/\/knfsh.al\/wp-content\/uploads\/2025\/01\/Gjergj-Meta-profil-65x65.jpeg",65,65,true]},"rttpg_author":{"display_name":"genti","author_link":"https:\/\/knfsh.al\/en\/author\/genti\/"},"rttpg_comment":0,"rttpg_category":"<a href=\"https:\/\/knfsh.al\/en\/category\/aktivitete\/\">Aktivitete<\/a>","rttpg_excerpt":"Bazuar n\u00eb statutin e K\u00ebshillit Nd\u00ebrfetar t\u00eb Shqip\u00ebris\u00eb, neni 12, pika a, ku thuhet se, \u201cK\u00ebshilli i Presidenc\u00ebs do t\u00eb p\u00ebrcaktoj\u00eb\u00a0 Kryetarin e K\u00ebshillit t\u00eb Presidenc\u00ebs \u00e7do nj\u00eb vit sipas...","_links":{"self":[{"href":"https:\/\/knfsh.al\/en\/wp-json\/wp\/v2\/posts\/2454","targetHints":{"allow":["GET"]}}],"collection":[{"href":"https:\/\/knfsh.al\/en\/wp-json\/wp\/v2\/posts"}],"about":[{"href":"https:\/\/knfsh.al\/en\/wp-json\/wp\/v2\/types\/post"}],"author":[{"embeddable":true,"href":"https:\/\/knfsh.al\/en\/wp-json\/wp\/v2\/users\/2"}],"replies":[{"embeddable":true,"href":"https:\/\/knfsh.al\/en\/wp-json\/wp\/v2\/comments?post=2454"}],"version-history":[{"count":1,"href":"https:\/\/knfsh.al\/en\/wp-json\/wp\/v2\/posts\/2454\/revisions"}],"predecessor-version":[{"id":2455,"href":"https:\/\/knfsh.al\/en\/wp-json\/wp\/v2\/posts\/2454\/revisions\/2455"}],"wp:featuredmedia":[{"embeddable":true,"href":"https:\/\/knfsh.al\/en\/wp-json\/wp\/v2\/media\/2439"}],"wp:attachment":[{"href":"https:\/\/knfsh.al\/en\/wp-json\/wp\/v2\/media?parent=2454"}],"wp:term":[{"taxonomy":"category","embeddable":true,"href":"https:\/\/knfsh.al\/en\/wp-json\/wp\/v2\/categories?post=2454"},{"taxonomy":"post_tag","embeddable":true,"href":"https:\/\/knfsh.al\/en\/wp-json\/wp\/v2\/tags?post=2454"}],"curies":[{"name":"wp","href":"https:\/\/api.w.org\/{rel}","templated":true}]}}