{"id":2143,"date":"2023-12-12T22:25:17","date_gmt":"2023-12-12T21:25:17","guid":{"rendered":"https:\/\/knfsh.al\/?p=2143"},"modified":"2023-12-17T00:34:58","modified_gmt":"2023-12-16T23:34:58","slug":"zhvillohet-konferenca-nderfetare-ne-shkoder-hapat-drejt-dialogut-dhe-harmonise-nderfetare","status":"publish","type":"post","link":"https:\/\/knfsh.al\/en\/zhvillohet-konferenca-nderfetare-ne-shkoder-hapat-drejt-dialogut-dhe-harmonise-nderfetare\/","title":{"rendered":"Zhvillohet konferenca nd\u00ebrfetare n\u00eb Shkod\u00ebr:\u00a0\u201cHapat drejt dialogut dhe harmonis\u00eb nd\u00ebrfetare\u201d"},"content":{"rendered":"<p style=\"text-align: justify;\">\u00cbsht\u00eb zhvilluar n\u00eb Shkod\u00ebr Konferenca Nd\u00ebrfetare \u201cHapat drejt dialogut dhe harmonis\u00eb nd\u00ebrfetare\u201d.<\/p>\n<p style=\"text-align: justify;\">N\u00eb ceremonin\u00eb e hapjes ishin t\u00eb pranish\u00ebm Kryetari i K\u00ebshillit Nd\u00ebrfetar t\u00eb Shqip\u00ebris\u00eb dhe nj\u00ebkoh\u00ebsisht Kreu i Komunitetit Mysliman t\u00eb Shqip\u00ebris\u00eb H. Bujar Spahiu, Presidenti i Konferenc\u00ebs Ipeshkvnore t\u00eb Shqip\u00ebris\u00eb, Mons. Angelo Massafra, Sekretari i P\u00ebrgjithsh\u00ebm i K\u00ebshillit Nd\u00ebrfetar t\u00eb Shqip\u00ebris\u00eb, Prof. Asoc. Dr. Genti Kruja, p\u00ebrfaq\u00ebsues nga Kryegjyshata Bot\u00ebrore Bektashiane dhe V\u00ebllaz\u00ebria Ungjillore e Shqip\u00ebris\u00eb, Ambasadori i Ambasad\u00ebs Hollandeze n\u00eb Shqip\u00ebri, SHTZ. Reinout Vos, Drejtori i Qendr\u00ebs Rinore \u201cARKA\u201d, z. Marjan Lukani, si dhe studiues e student\u00eb nga Universiteti \u201cLuigj Gurakuqi\u201d dhe institucionet arsimore t\u00eb qytetit.<\/p>\n<p style=\"text-align: justify;\">N\u00eb fjal\u00ebn e tij p\u00ebrsh\u00ebndet\u00ebse, kryetari Spahiu, e vler\u00ebsoi k\u00ebt\u00eb konferenc\u00eb si nj\u00eb demonstrim t\u00eb vlerave t\u00eb larta t\u00eb qytetaris\u00eb, v\u00ebllaz\u00ebris\u00eb dhe harmonis\u00eb q\u00eb mbart qyteti i Shkodr\u00ebs.<\/p>\n<p style=\"text-align: justify;\">\u201cBashk\u00ebjetes\u00ebn dhe harmonin\u00eb nd\u00ebrfetare n\u00eb Shqip\u00ebri, e ve\u00e7an\u00ebrisht n\u00eb Shkod\u00ebr, e kan\u00eb d\u00ebshmuar jo vet\u00ebm dijetar\u00ebt e feve por edhe studiues, historian\u00eb, e shkrimtar\u00eb vendas e t\u00eb huaj\u201d, tha nd\u00ebr t\u00eb tjera ai.<\/p>\n<p style=\"text-align: justify;\">M\u00eb tej, Mons. Angelo Massafra, u shpreh se feja e v\u00ebrtet\u00eb i bashkon njer\u00ebzit dhe \u00ebsht\u00eb e hapur ndaj dialogut nd\u00ebrsa ekstremizmi fetar mund t\u00eb sjell\u00eb vet\u00ebm ndarje.<\/p>\n<p style=\"text-align: justify;\">Fjal\u00eb p\u00ebrsh\u00ebndet\u00ebse mbajt\u00ebn edhe p\u00ebrfaq\u00ebsuesit e tjer\u00eb fetar\u00eb t\u00eb pranish\u00ebm, t\u00eb cil\u00ebt p\u00ebrcoll\u00ebn mesazhe t\u00eb ndryshme harmonie, dialogu dhe bashk\u00ebpunimi.<\/p>\n<p style=\"text-align: justify;\">Nd\u00ebrsa Sekretari i P\u00ebrgjithsh\u00ebm i KNFSH-s\u00eb Prof. Kruja n\u00eb nj\u00eb intervist\u00eb p\u00ebr \u201cZ\u00ebrin e Amerik\u00ebs\u201d ka v\u00ebn\u00eb theksin mbi r\u00ebnd\u00ebsin\u00eb e edukimit dhe arsimit n\u00eb promovimin e frym\u00ebs s\u00eb dialogut dhe trash\u00ebgimis\u00eb s\u00eb bashk\u00ebjetes\u00ebs nd\u00ebrfetare, l\u00ebn\u00eb nga t\u00eb par\u00ebt tan\u00eb.<\/p>\n<p style=\"text-align: justify;\">Pas ceremonis\u00eb s\u00eb hapjes, konferenca u zhvillua m\u00eb tej n\u00eb dy sesione diskutimi, sesione n\u00eb t\u00eb cil\u00ebt, gazetar\u00ebt, studiuesit, akademik\u00ebt dhe student\u00ebt e shkollave me p\u00ebrkat\u00ebsi t\u00eb ndryshme fetare n\u00eb vendin ton\u00eb, trajtuan aspekte t\u00eb shumta t\u00eb forcimit t\u00eb dialogut dhe harmonis\u00eb nd\u00ebrfetare n\u00eb Shkod\u00ebr e n\u00eb mbar\u00eb vendin ton\u00eb.<\/p>\n<p style=\"text-align: justify;\">Konferenca \u00ebsht\u00eb zhvilluar nga Qendra Rinore \u201cArka\u201d me mb\u00ebshtetjen e Ambasad\u00ebs s\u00eb Vendeve t\u00eb Ul\u00ebta n\u00eb Shqip\u00ebri. Gjat\u00eb aktivitetit jan\u00eb shp\u00ebrndar\u00eb gjithashtu dhe kopje t\u00eb librit \u201cHistoria e Dialogut Nd\u00ebrfetar\u201d me autor Prof. Genti Kruja.<\/p>\n<p><img loading=\"lazy\" decoding=\"async\" class=\"aligncenter size-full wp-image-2147\" src=\"https:\/\/knfsh.al\/wp-content\/uploads\/2023\/12\/arka5.jpg\" alt=\"\" width=\"2048\" height=\"1536\" srcset=\"https:\/\/knfsh.al\/wp-content\/uploads\/2023\/12\/arka5.jpg 2048w, https:\/\/knfsh.al\/wp-content\/uploads\/2023\/12\/arka5-300x225.jpg 300w, https:\/\/knfsh.al\/wp-content\/uploads\/2023\/12\/arka5-1024x768.jpg 1024w, https:\/\/knfsh.al\/wp-content\/uploads\/2023\/12\/arka5-768x576.jpg 768w, https:\/\/knfsh.al\/wp-content\/uploads\/2023\/12\/arka5-1536x1152.jpg 1536w, https:\/\/knfsh.al\/wp-content\/uploads\/2023\/12\/arka5-16x12.jpg 16w\" sizes=\"auto, (max-width: 2048px) 100vw, 2048px\" \/> <img loading=\"lazy\" decoding=\"async\" class=\"aligncenter size-full wp-image-2148\" src=\"https:\/\/knfsh.al\/wp-content\/uploads\/2023\/12\/arka6.jpg\" alt=\"\" width=\"2048\" height=\"1073\" srcset=\"https:\/\/knfsh.al\/wp-content\/uploads\/2023\/12\/arka6.jpg 2048w, https:\/\/knfsh.al\/wp-content\/uploads\/2023\/12\/arka6-300x157.jpg 300w, https:\/\/knfsh.al\/wp-content\/uploads\/2023\/12\/arka6-1024x537.jpg 1024w, https:\/\/knfsh.al\/wp-content\/uploads\/2023\/12\/arka6-768x402.jpg 768w, https:\/\/knfsh.al\/wp-content\/uploads\/2023\/12\/arka6-1536x805.jpg 1536w, https:\/\/knfsh.al\/wp-content\/uploads\/2023\/12\/arka6-18x9.jpg 18w\" sizes=\"auto, (max-width: 2048px) 100vw, 2048px\" \/><img loading=\"lazy\" decoding=\"async\" class=\"aligncenter size-full wp-image-2150\" src=\"https:\/\/knfsh.al\/wp-content\/uploads\/2023\/12\/IMG_4343-scaled.jpg\" alt=\"\" width=\"2560\" height=\"1439\" srcset=\"https:\/\/knfsh.al\/wp-content\/uploads\/2023\/12\/IMG_4343-scaled.jpg 2560w, https:\/\/knfsh.al\/wp-content\/uploads\/2023\/12\/IMG_4343-300x169.jpg 300w, https:\/\/knfsh.al\/wp-content\/uploads\/2023\/12\/IMG_4343-1024x576.jpg 1024w, https:\/\/knfsh.al\/wp-content\/uploads\/2023\/12\/IMG_4343-768x432.jpg 768w, https:\/\/knfsh.al\/wp-content\/uploads\/2023\/12\/IMG_4343-1536x864.jpg 1536w, https:\/\/knfsh.al\/wp-content\/uploads\/2023\/12\/IMG_4343-2048x1151.jpg 2048w, https:\/\/knfsh.al\/wp-content\/uploads\/2023\/12\/IMG_4343-18x10.jpg 18w\" sizes=\"auto, (max-width: 2560px) 100vw, 2560px\" \/><img loading=\"lazy\" decoding=\"async\" class=\"aligncenter size-full wp-image-2146\" src=\"https:\/\/knfsh.al\/wp-content\/uploads\/2023\/12\/arka4.jpg\" alt=\"\" width=\"2048\" height=\"1536\" srcset=\"https:\/\/knfsh.al\/wp-content\/uploads\/2023\/12\/arka4.jpg 2048w, https:\/\/knfsh.al\/wp-content\/uploads\/2023\/12\/arka4-300x225.jpg 300w, https:\/\/knfsh.al\/wp-content\/uploads\/2023\/12\/arka4-1024x768.jpg 1024w, https:\/\/knfsh.al\/wp-content\/uploads\/2023\/12\/arka4-768x576.jpg 768w, https:\/\/knfsh.al\/wp-content\/uploads\/2023\/12\/arka4-1536x1152.jpg 1536w, https:\/\/knfsh.al\/wp-content\/uploads\/2023\/12\/arka4-16x12.jpg 16w\" sizes=\"auto, (max-width: 2048px) 100vw, 2048px\" \/> <img loading=\"lazy\" decoding=\"async\" class=\"aligncenter size-full wp-image-2145\" src=\"https:\/\/knfsh.al\/wp-content\/uploads\/2023\/12\/arka1.jpg\" alt=\"\" width=\"960\" height=\"503\" srcset=\"https:\/\/knfsh.al\/wp-content\/uploads\/2023\/12\/arka1.jpg 960w, https:\/\/knfsh.al\/wp-content\/uploads\/2023\/12\/arka1-300x157.jpg 300w, https:\/\/knfsh.al\/wp-content\/uploads\/2023\/12\/arka1-768x402.jpg 768w, https:\/\/knfsh.al\/wp-content\/uploads\/2023\/12\/arka1-18x9.jpg 18w\" sizes=\"auto, (max-width: 960px) 100vw, 960px\" \/><img loading=\"lazy\" decoding=\"async\" class=\"aligncenter size-full wp-image-2151\" src=\"https:\/\/knfsh.al\/wp-content\/uploads\/2023\/12\/IMG_3556-scaled.jpg\" alt=\"\" width=\"2560\" height=\"2255\" srcset=\"https:\/\/knfsh.al\/wp-content\/uploads\/2023\/12\/IMG_3556-scaled.jpg 2560w, https:\/\/knfsh.al\/wp-content\/uploads\/2023\/12\/IMG_3556-300x264.jpg 300w, https:\/\/knfsh.al\/wp-content\/uploads\/2023\/12\/IMG_3556-1024x902.jpg 1024w, https:\/\/knfsh.al\/wp-content\/uploads\/2023\/12\/IMG_3556-768x676.jpg 768w, https:\/\/knfsh.al\/wp-content\/uploads\/2023\/12\/IMG_3556-1536x1353.jpg 1536w, https:\/\/knfsh.al\/wp-content\/uploads\/2023\/12\/IMG_3556-2048x1804.jpg 2048w, https:\/\/knfsh.al\/wp-content\/uploads\/2023\/12\/IMG_3556-14x12.jpg 14w, https:\/\/knfsh.al\/wp-content\/uploads\/2023\/12\/IMG_3556-170x150.jpg 170w\" sizes=\"auto, (max-width: 2560px) 100vw, 2560px\" \/><\/p>\n<p style=\"text-align: justify;\">","protected":false},"excerpt":{"rendered":"<p>\u00cbsht\u00eb zhvilluar n\u00eb Shkod\u00ebr Konferenca Nd\u00ebrfetare \u201cHapat drejt dialogut dhe harmonis\u00eb nd\u00ebrfetare\u201d. N\u00eb ceremonin\u00eb e hapjes ishin t\u00eb pranish\u00ebm Kryetari i K\u00ebshillit Nd\u00ebrfetar t\u00eb Shqip\u00ebris\u00eb dhe nj\u00ebkoh\u00ebsisht Kreu i Komunitetit&#8230;<\/p>","protected":false},"author":2,"featured_media":2144,"comment_status":"closed","ping_status":"closed","sticky":false,"template":"","format":"standard","meta":{"footnotes":""},"categories":[33,43],"tags":[136],"class_list":["post-2143","post","type-post","status-publish","format-standard","has-post-thumbnail","hentry","category-aktivitete","category-konferenca","tag-konference-nderfetare"],"rttpg_featured_image_url":{"full":["https:\/\/knfsh.al\/wp-content\/uploads\/2023\/12\/arka.jpg",960,503,false],"landscape":["https:\/\/knfsh.al\/wp-content\/uploads\/2023\/12\/arka.jpg",960,503,false],"portraits":["https:\/\/knfsh.al\/wp-content\/uploads\/2023\/12\/arka.jpg",960,503,false],"thumbnail":["https:\/\/knfsh.al\/wp-content\/uploads\/2023\/12\/arka-150x150.jpg",150,150,true],"medium":["https:\/\/knfsh.al\/wp-content\/uploads\/2023\/12\/arka-300x157.jpg",300,157,true],"large":["https:\/\/knfsh.al\/wp-content\/uploads\/2023\/12\/arka.jpg",900,472,false],"1536x1536":["https:\/\/knfsh.al\/wp-content\/uploads\/2023\/12\/arka.jpg",960,503,false],"2048x2048":["https:\/\/knfsh.al\/wp-content\/uploads\/2023\/12\/arka.jpg",960,503,false],"trp-custom-language-flag":["https:\/\/knfsh.al\/wp-content\/uploads\/2023\/12\/arka-18x9.jpg",18,9,true],"post-thumbnail":["https:\/\/knfsh.al\/wp-content\/uploads\/2023\/12\/arka-360x220.jpg",360,220,true],"blog-single":["https:\/\/knfsh.al\/wp-content\/uploads\/2023\/12\/arka-750x390.jpg",750,390,true],"events-thumb":["https:\/\/knfsh.al\/wp-content\/uploads\/2023\/12\/arka-170x150.jpg",170,150,true],"events-single":["https:\/\/knfsh.al\/wp-content\/uploads\/2023\/12\/arka-225x240.jpg",225,240,true],"courses-single":["https:\/\/knfsh.al\/wp-content\/uploads\/2023\/12\/arka-770x220.jpg",770,220,true],"slider-image":["https:\/\/knfsh.al\/wp-content\/uploads\/2023\/12\/arka-770x400.jpg",770,400,true],"gallery-thumb":["https:\/\/knfsh.al\/wp-content\/uploads\/2023\/12\/arka-260x180.jpg",260,180,true],"widget-blog-thumb":["https:\/\/knfsh.al\/wp-content\/uploads\/2023\/12\/arka-65x65.jpg",65,65,true]},"rttpg_author":{"display_name":"genti","author_link":"https:\/\/knfsh.al\/en\/author\/genti\/"},"rttpg_comment":0,"rttpg_category":"<a href=\"https:\/\/knfsh.al\/en\/category\/aktivitete\/\">Aktivitete<\/a> <a href=\"https:\/\/knfsh.al\/en\/category\/konferenca\/\">Konferenca<\/a>","rttpg_excerpt":"\u00cbsht\u00eb zhvilluar n\u00eb Shkod\u00ebr Konferenca Nd\u00ebrfetare \u201cHapat drejt dialogut dhe harmonis\u00eb nd\u00ebrfetare\u201d. N\u00eb ceremonin\u00eb e hapjes ishin t\u00eb pranish\u00ebm Kryetari i K\u00ebshillit Nd\u00ebrfetar t\u00eb Shqip\u00ebris\u00eb dhe nj\u00ebkoh\u00ebsisht Kreu i Komunitetit...","_links":{"self":[{"href":"https:\/\/knfsh.al\/en\/wp-json\/wp\/v2\/posts\/2143","targetHints":{"allow":["GET"]}}],"collection":[{"href":"https:\/\/knfsh.al\/en\/wp-json\/wp\/v2\/posts"}],"about":[{"href":"https:\/\/knfsh.al\/en\/wp-json\/wp\/v2\/types\/post"}],"author":[{"embeddable":true,"href":"https:\/\/knfsh.al\/en\/wp-json\/wp\/v2\/users\/2"}],"replies":[{"embeddable":true,"href":"https:\/\/knfsh.al\/en\/wp-json\/wp\/v2\/comments?post=2143"}],"version-history":[{"count":1,"href":"https:\/\/knfsh.al\/en\/wp-json\/wp\/v2\/posts\/2143\/revisions"}],"predecessor-version":[{"id":2152,"href":"https:\/\/knfsh.al\/en\/wp-json\/wp\/v2\/posts\/2143\/revisions\/2152"}],"wp:featuredmedia":[{"embeddable":true,"href":"https:\/\/knfsh.al\/en\/wp-json\/wp\/v2\/media\/2144"}],"wp:attachment":[{"href":"https:\/\/knfsh.al\/en\/wp-json\/wp\/v2\/media?parent=2143"}],"wp:term":[{"taxonomy":"category","embeddable":true,"href":"https:\/\/knfsh.al\/en\/wp-json\/wp\/v2\/categories?post=2143"},{"taxonomy":"post_tag","embeddable":true,"href":"https:\/\/knfsh.al\/en\/wp-json\/wp\/v2\/tags?post=2143"}],"curies":[{"name":"wp","href":"https:\/\/api.w.org\/{rel}","templated":true}]}}