{"id":2131,"date":"2023-11-28T21:19:59","date_gmt":"2023-11-28T20:19:59","guid":{"rendered":"https:\/\/knfsh.al\/?p=2131"},"modified":"2023-12-17T00:35:34","modified_gmt":"2023-12-16T23:35:34","slug":"sekretari-i-pergjithshem-i-knfsh-se-pjese-e-forumit-te-dialogut-te-politikave-evropiane-hollande","status":"publish","type":"post","link":"https:\/\/knfsh.al\/en\/sekretari-i-pergjithshem-i-knfsh-se-pjese-e-forumit-te-dialogut-te-politikave-evropiane-hollande\/","title":{"rendered":"Sekretari i P\u00ebrgjithsh\u00ebm i KNFSH-s\u00eb, pjes\u00eb e Forumit t\u00eb Dialogut t\u00eb Politikave Evropiane, Holland\u00eb"},"content":{"rendered":"<p style=\"text-align: justify;\">Sekretari i P\u00ebrgjithsh\u00ebm i K\u00ebshillit Nd\u00ebrfetar t\u00eb Shqip\u00ebris\u00eb dhe nj\u00ebkoh\u00ebsisht zv\/president i K\u00ebshillave Nd\u00ebrfetar\u00eb t\u00eb Evrop\u00ebs (European National Interreligious Bodies, RfP Europe) Prof. Assoc. Dr. Genti Kruja, mori pjes\u00eb n\u00eb Forumin e V t\u00eb Dialogut t\u00eb Politikave Evropiane (EPDF) \u201cT\u00eb rinjt\u00eb dhe p\u00ebrfshirja sociale n\u00eb qytete\u201d, organizuar nga Qendra e Dialogut KAICIID n\u00eb bashk\u00ebpunim me K\u00ebshillin Evropian t\u00eb Lider\u00ebve Fetar\u00eb (European Council of Religious Leaders\/Religions for Peace Europe-ECRL\/RfP), Network for Dialogue, Multicoloured Religions Rotterdam, OSBE\/ODIHR (OSCE Office for Democratic Institutions and Human Rights) dhe Organizata Nd\u00ebrkomb\u00ebtare p\u00ebr Migracionin (International Organization for Migration-IOM). Forumi u mbajt p\u00ebrgjat\u00eb datave 13-15 n\u00ebntor 2023 n\u00eb Rotterdam, Holland\u00eb.<\/p>\n<p style=\"text-align: justify;\">Motoja e k\u00ebtij forumi ishte: \u201ct\u00eb frym\u00ebzojm\u00eb, t\u00eb lidhim dhe t\u00eb angazhojm\u00eb\u201d nj\u00eb gam\u00eb t\u00eb larmishme pal\u00ebsh t\u00eb interesuara, duke p\u00ebrfshir\u00eb aktor\u00ebt fetar\u00eb, politik\u00ebb\u00ebr\u00ebsit, shoq\u00ebrin\u00eb civile dhe t\u00eb rinjt\u00eb, n\u00eb misionin ton\u00eb t\u00eb p\u00ebrbashk\u00ebt p\u00ebr t\u00eb nxitur qytete m\u00eb gjith\u00ebp\u00ebrfshir\u00ebse dhe harmonike n\u00eb t\u00eb gjith\u00eb Evrop\u00ebn. Ne synojm\u00eb t\u00eb sigurojm\u00eb hap\u00ebsira p\u00ebr m\u00ebsim t\u00eb nd\u00ebrsjell\u00eb p\u00ebrmes dialogut n\u00eb veprim dhe t\u00eb nd\u00ebrtojm\u00eb ura midis kulturave dhe feve.<\/p>\n<p style=\"text-align: justify;\">N\u00eb k\u00ebt\u00eb program mor\u00ebn pjes\u00eb rreth 120 p\u00ebrfaq\u00ebsues t\u00eb rinis\u00eb, shoq\u00ebris\u00eb civile, lidershipit politik dhe fetar\u00eb nga rreth 30 vende t\u00eb ndryshme t\u00eb Evrop\u00ebs.<\/p>\n<p style=\"text-align: justify;\">Gjat\u00eb pjes\u00ebmarrjes n\u00eb k\u00ebt\u00eb forum Prof. Kruja prezantoi eksperienc\u00ebn e dialogut nd\u00ebrfetar n\u00eb Shqip\u00ebri, si dhe rolin e t\u00eb rinjve n\u00eb ruajtjen dhe vazhdim\u00ebsin\u00eb e saj. Ai takua dhe pati biseda dhe me Presidentin e K\u00ebshillit Evropian t\u00eb Lider\u00ebve Fetar\u00eb (European Council of Religious Leaders\/Religions for Peace Europe-ECRL\/RfP) Dr. Thomas Wipf, si dhe Sekretarin e P\u00ebrgjithsh\u00ebm t\u00eb KAICIID-it Dr. Zuhair Alharthi.<img loading=\"lazy\" decoding=\"async\" class=\"aligncenter size-full wp-image-2133\" src=\"https:\/\/knfsh.al\/wp-content\/uploads\/2023\/11\/DSC03451.jpg\" alt=\"\" width=\"1591\" height=\"1061\" srcset=\"https:\/\/knfsh.al\/wp-content\/uploads\/2023\/11\/DSC03451.jpg 1591w, https:\/\/knfsh.al\/wp-content\/uploads\/2023\/11\/DSC03451-300x200.jpg 300w, https:\/\/knfsh.al\/wp-content\/uploads\/2023\/11\/DSC03451-1024x683.jpg 1024w, https:\/\/knfsh.al\/wp-content\/uploads\/2023\/11\/DSC03451-768x512.jpg 768w, https:\/\/knfsh.al\/wp-content\/uploads\/2023\/11\/DSC03451-1536x1024.jpg 1536w, https:\/\/knfsh.al\/wp-content\/uploads\/2023\/11\/DSC03451-18x12.jpg 18w\" sizes=\"auto, (max-width: 1591px) 100vw, 1591px\" \/> <img loading=\"lazy\" decoding=\"async\" class=\"aligncenter size-full wp-image-2134\" src=\"https:\/\/knfsh.al\/wp-content\/uploads\/2023\/11\/DSC03463.jpg\" alt=\"\" width=\"1591\" height=\"1061\" srcset=\"https:\/\/knfsh.al\/wp-content\/uploads\/2023\/11\/DSC03463.jpg 1591w, https:\/\/knfsh.al\/wp-content\/uploads\/2023\/11\/DSC03463-300x200.jpg 300w, https:\/\/knfsh.al\/wp-content\/uploads\/2023\/11\/DSC03463-1024x683.jpg 1024w, https:\/\/knfsh.al\/wp-content\/uploads\/2023\/11\/DSC03463-768x512.jpg 768w, https:\/\/knfsh.al\/wp-content\/uploads\/2023\/11\/DSC03463-1536x1024.jpg 1536w, https:\/\/knfsh.al\/wp-content\/uploads\/2023\/11\/DSC03463-18x12.jpg 18w\" sizes=\"auto, (max-width: 1591px) 100vw, 1591px\" \/><\/p>\n<div id=\"attachment_2135\" style=\"width: 1601px\" class=\"wp-caption aligncenter\"><img loading=\"lazy\" decoding=\"async\" aria-describedby=\"caption-attachment-2135\" class=\"size-full wp-image-2135\" src=\"https:\/\/knfsh.al\/wp-content\/uploads\/2023\/11\/DSC04646.jpg\" alt=\"\" width=\"1591\" height=\"1061\" srcset=\"https:\/\/knfsh.al\/wp-content\/uploads\/2023\/11\/DSC04646.jpg 1591w, https:\/\/knfsh.al\/wp-content\/uploads\/2023\/11\/DSC04646-300x200.jpg 300w, https:\/\/knfsh.al\/wp-content\/uploads\/2023\/11\/DSC04646-1024x683.jpg 1024w, https:\/\/knfsh.al\/wp-content\/uploads\/2023\/11\/DSC04646-768x512.jpg 768w, https:\/\/knfsh.al\/wp-content\/uploads\/2023\/11\/DSC04646-1536x1024.jpg 1536w, https:\/\/knfsh.al\/wp-content\/uploads\/2023\/11\/DSC04646-18x12.jpg 18w\" sizes=\"auto, (max-width: 1591px) 100vw, 1591px\" \/><p id=\"caption-attachment-2135\" class=\"wp-caption-text\">Adult, Female, Fun, Hall, Handbag, Indoors, Male, People, Person, Woman<\/p><\/div>\n<p><img loading=\"lazy\" decoding=\"async\" class=\"aligncenter size-full wp-image-2136\" src=\"https:\/\/knfsh.al\/wp-content\/uploads\/2023\/11\/401451570_10160353227762631_3183439146953406712_n.jpg\" alt=\"\" width=\"508\" height=\"630\" srcset=\"https:\/\/knfsh.al\/wp-content\/uploads\/2023\/11\/401451570_10160353227762631_3183439146953406712_n.jpg 508w, https:\/\/knfsh.al\/wp-content\/uploads\/2023\/11\/401451570_10160353227762631_3183439146953406712_n-242x300.jpg 242w, https:\/\/knfsh.al\/wp-content\/uploads\/2023\/11\/401451570_10160353227762631_3183439146953406712_n-10x12.jpg 10w\" sizes=\"auto, (max-width: 508px) 100vw, 508px\" \/> <img loading=\"lazy\" decoding=\"async\" class=\"aligncenter size-full wp-image-2137\" src=\"https:\/\/knfsh.al\/wp-content\/uploads\/2023\/11\/402600871_10160353228167631_2019824089415228259_n.jpg\" alt=\"\" width=\"568\" height=\"699\" srcset=\"https:\/\/knfsh.al\/wp-content\/uploads\/2023\/11\/402600871_10160353228167631_2019824089415228259_n.jpg 568w, https:\/\/knfsh.al\/wp-content\/uploads\/2023\/11\/402600871_10160353228167631_2019824089415228259_n-244x300.jpg 244w, https:\/\/knfsh.al\/wp-content\/uploads\/2023\/11\/402600871_10160353228167631_2019824089415228259_n-10x12.jpg 10w\" sizes=\"auto, (max-width: 568px) 100vw, 568px\" \/><img loading=\"lazy\" decoding=\"async\" class=\"aligncenter size-full wp-image-2138\" src=\"https:\/\/knfsh.al\/wp-content\/uploads\/2023\/11\/DSC03059-Enhanced-NR.jpg\" alt=\"\" width=\"1537\" height=\"1025\" srcset=\"https:\/\/knfsh.al\/wp-content\/uploads\/2023\/11\/DSC03059-Enhanced-NR.jpg 1537w, https:\/\/knfsh.al\/wp-content\/uploads\/2023\/11\/DSC03059-Enhanced-NR-300x200.jpg 300w, https:\/\/knfsh.al\/wp-content\/uploads\/2023\/11\/DSC03059-Enhanced-NR-1024x683.jpg 1024w, https:\/\/knfsh.al\/wp-content\/uploads\/2023\/11\/DSC03059-Enhanced-NR-768x512.jpg 768w, https:\/\/knfsh.al\/wp-content\/uploads\/2023\/11\/DSC03059-Enhanced-NR-18x12.jpg 18w\" sizes=\"auto, (max-width: 1537px) 100vw, 1537px\" \/><\/p>","protected":false},"excerpt":{"rendered":"<p>Sekretari i P\u00ebrgjithsh\u00ebm i K\u00ebshillit Nd\u00ebrfetar t\u00eb Shqip\u00ebris\u00eb dhe nj\u00ebkoh\u00ebsisht zv\/president i K\u00ebshillave Nd\u00ebrfetar\u00eb t\u00eb Evrop\u00ebs (European National Interreligious Bodies, RfP Europe) Prof. Assoc. Dr. Genti Kruja, mori pjes\u00eb n\u00eb&#8230;<\/p>","protected":false},"author":2,"featured_media":2132,"comment_status":"closed","ping_status":"closed","sticky":false,"template":"","format":"standard","meta":{"footnotes":""},"categories":[33,43],"tags":[],"class_list":["post-2131","post","type-post","status-publish","format-standard","has-post-thumbnail","hentry","category-aktivitete","category-konferenca"],"rttpg_featured_image_url":{"full":["https:\/\/knfsh.al\/wp-content\/uploads\/2023\/11\/DSC03102-Enhanced-NR.jpg",1556,1038,false],"landscape":["https:\/\/knfsh.al\/wp-content\/uploads\/2023\/11\/DSC03102-Enhanced-NR.jpg",1556,1038,false],"portraits":["https:\/\/knfsh.al\/wp-content\/uploads\/2023\/11\/DSC03102-Enhanced-NR.jpg",1556,1038,false],"thumbnail":["https:\/\/knfsh.al\/wp-content\/uploads\/2023\/11\/DSC03102-Enhanced-NR-150x150.jpg",150,150,true],"medium":["https:\/\/knfsh.al\/wp-content\/uploads\/2023\/11\/DSC03102-Enhanced-NR-300x200.jpg",300,200,true],"large":["https:\/\/knfsh.al\/wp-content\/uploads\/2023\/11\/DSC03102-Enhanced-NR-1024x683.jpg",900,600,true],"1536x1536":["https:\/\/knfsh.al\/wp-content\/uploads\/2023\/11\/DSC03102-Enhanced-NR-1536x1025.jpg",1536,1025,true],"2048x2048":["https:\/\/knfsh.al\/wp-content\/uploads\/2023\/11\/DSC03102-Enhanced-NR.jpg",1556,1038,false],"trp-custom-language-flag":["https:\/\/knfsh.al\/wp-content\/uploads\/2023\/11\/DSC03102-Enhanced-NR-18x12.jpg",18,12,true],"post-thumbnail":["https:\/\/knfsh.al\/wp-content\/uploads\/2023\/11\/DSC03102-Enhanced-NR-360x220.jpg",360,220,true],"blog-single":["https:\/\/knfsh.al\/wp-content\/uploads\/2023\/11\/DSC03102-Enhanced-NR-750x390.jpg",750,390,true],"events-thumb":["https:\/\/knfsh.al\/wp-content\/uploads\/2023\/11\/DSC03102-Enhanced-NR-170x150.jpg",170,150,true],"events-single":["https:\/\/knfsh.al\/wp-content\/uploads\/2023\/11\/DSC03102-Enhanced-NR-225x240.jpg",225,240,true],"courses-single":["https:\/\/knfsh.al\/wp-content\/uploads\/2023\/11\/DSC03102-Enhanced-NR-770x220.jpg",770,220,true],"slider-image":["https:\/\/knfsh.al\/wp-content\/uploads\/2023\/11\/DSC03102-Enhanced-NR-770x400.jpg",770,400,true],"gallery-thumb":["https:\/\/knfsh.al\/wp-content\/uploads\/2023\/11\/DSC03102-Enhanced-NR-260x180.jpg",260,180,true],"widget-blog-thumb":["https:\/\/knfsh.al\/wp-content\/uploads\/2023\/11\/DSC03102-Enhanced-NR-65x65.jpg",65,65,true]},"rttpg_author":{"display_name":"genti","author_link":"https:\/\/knfsh.al\/en\/author\/genti\/"},"rttpg_comment":0,"rttpg_category":"<a href=\"https:\/\/knfsh.al\/en\/category\/aktivitete\/\">Aktivitete<\/a> <a href=\"https:\/\/knfsh.al\/en\/category\/konferenca\/\">Konferenca<\/a>","rttpg_excerpt":"Sekretari i P\u00ebrgjithsh\u00ebm i K\u00ebshillit Nd\u00ebrfetar t\u00eb Shqip\u00ebris\u00eb dhe nj\u00ebkoh\u00ebsisht zv\/president i K\u00ebshillave Nd\u00ebrfetar\u00eb t\u00eb Evrop\u00ebs (European National Interreligious Bodies, RfP Europe) Prof. Assoc. Dr. Genti Kruja, mori pjes\u00eb n\u00eb...","_links":{"self":[{"href":"https:\/\/knfsh.al\/en\/wp-json\/wp\/v2\/posts\/2131","targetHints":{"allow":["GET"]}}],"collection":[{"href":"https:\/\/knfsh.al\/en\/wp-json\/wp\/v2\/posts"}],"about":[{"href":"https:\/\/knfsh.al\/en\/wp-json\/wp\/v2\/types\/post"}],"author":[{"embeddable":true,"href":"https:\/\/knfsh.al\/en\/wp-json\/wp\/v2\/users\/2"}],"replies":[{"embeddable":true,"href":"https:\/\/knfsh.al\/en\/wp-json\/wp\/v2\/comments?post=2131"}],"version-history":[{"count":1,"href":"https:\/\/knfsh.al\/en\/wp-json\/wp\/v2\/posts\/2131\/revisions"}],"predecessor-version":[{"id":2139,"href":"https:\/\/knfsh.al\/en\/wp-json\/wp\/v2\/posts\/2131\/revisions\/2139"}],"wp:featuredmedia":[{"embeddable":true,"href":"https:\/\/knfsh.al\/en\/wp-json\/wp\/v2\/media\/2132"}],"wp:attachment":[{"href":"https:\/\/knfsh.al\/en\/wp-json\/wp\/v2\/media?parent=2131"}],"wp:term":[{"taxonomy":"category","embeddable":true,"href":"https:\/\/knfsh.al\/en\/wp-json\/wp\/v2\/categories?post=2131"},{"taxonomy":"post_tag","embeddable":true,"href":"https:\/\/knfsh.al\/en\/wp-json\/wp\/v2\/tags?post=2131"}],"curies":[{"name":"wp","href":"https:\/\/api.w.org\/{rel}","templated":true}]}}