{"id":1913,"date":"2023-01-24T11:55:15","date_gmt":"2023-01-24T10:55:15","guid":{"rendered":"https:\/\/knfsh.al\/?p=1913"},"modified":"2023-01-24T11:55:15","modified_gmt":"2023-01-24T10:55:15","slug":"drejtues-te-keshillit-nderfetar-zhvillojne-nje-vizite-ngushellimi-ne-nunciaten-apostolike","status":"publish","type":"post","link":"https:\/\/knfsh.al\/en\/drejtues-te-keshillit-nderfetar-zhvillojne-nje-vizite-ngushellimi-ne-nunciaten-apostolike\/","title":{"rendered":"Drejtues t\u00eb K\u00ebshillit Nd\u00ebrfetar zhvillojn\u00eb nj\u00eb vizit\u00eb ngush\u00ebllimi n\u00eb Nunciat\u00ebn Apostolike"},"content":{"rendered":"<p style=\"text-align: justify;\">Kryetari i K\u00ebshillit Nd\u00ebrfetar t\u00eb Shqip\u00ebris\u00eb dhe nj\u00ebkoh\u00ebsisht kreu i Komunitetit Mysliman H. Bujar Spahiu i shoq\u00ebruar nga Sekretari i P\u00ebrgjithsh\u00ebm i KNFSH-s\u00eb Prof. Asoc. Dr. Genti Kruja zhvilluan me dat\u00eb 5 janar 2023 nj\u00eb vizit\u00eb ngush\u00ebllimi p\u00ebr ndarjen nga jeta t\u00eb Pap\u00ebs Emeritus Benedikti XVI n\u00eb Nunciat\u00ebn Apostolike n\u00eb Tiran\u00eb.<\/p>\n<p style=\"text-align: justify;\">Ata u prit\u00ebn nga Nunci Apostolik n\u00eb Tiran\u00eb SHTZ. Luigi Bonazzi, ku m\u00eb pas lan\u00eb dhe nga nj\u00eb mesazh n\u00eb Librin e Ngush\u00ebllimeve t\u00eb ambasad\u00ebs s\u00eb Vatikanit.<\/p>\n<p><img loading=\"lazy\" decoding=\"async\" class=\"aligncenter size-full wp-image-1915\" src=\"https:\/\/knfsh.al\/wp-content\/uploads\/2023\/01\/nunciata2.jpg\" alt=\"\" width=\"1160\" height=\"868\" srcset=\"https:\/\/knfsh.al\/wp-content\/uploads\/2023\/01\/nunciata2.jpg 1160w, https:\/\/knfsh.al\/wp-content\/uploads\/2023\/01\/nunciata2-300x224.jpg 300w, https:\/\/knfsh.al\/wp-content\/uploads\/2023\/01\/nunciata2-1024x766.jpg 1024w, https:\/\/knfsh.al\/wp-content\/uploads\/2023\/01\/nunciata2-768x575.jpg 768w, https:\/\/knfsh.al\/wp-content\/uploads\/2023\/01\/nunciata2-16x12.jpg 16w\" sizes=\"auto, (max-width: 1160px) 100vw, 1160px\" \/><\/p>","protected":false},"excerpt":{"rendered":"<p>Kryetari i K\u00ebshillit Nd\u00ebrfetar t\u00eb Shqip\u00ebris\u00eb dhe nj\u00ebkoh\u00ebsisht kreu i Komunitetit Mysliman H. Bujar Spahiu i shoq\u00ebruar nga Sekretari i P\u00ebrgjithsh\u00ebm i KNFSH-s\u00eb Prof. Asoc. Dr. Genti Kruja zhvilluan me&#8230;<\/p>","protected":false},"author":2,"featured_media":1914,"comment_status":"closed","ping_status":"closed","sticky":false,"template":"","format":"standard","meta":{"footnotes":""},"categories":[33],"tags":[],"class_list":["post-1913","post","type-post","status-publish","format-standard","has-post-thumbnail","hentry","category-aktivitete"],"rttpg_featured_image_url":{"full":["https:\/\/knfsh.al\/wp-content\/uploads\/2023\/01\/nunciata1.jpg",960,719,false],"landscape":["https:\/\/knfsh.al\/wp-content\/uploads\/2023\/01\/nunciata1.jpg",960,719,false],"portraits":["https:\/\/knfsh.al\/wp-content\/uploads\/2023\/01\/nunciata1.jpg",960,719,false],"thumbnail":["https:\/\/knfsh.al\/wp-content\/uploads\/2023\/01\/nunciata1-150x150.jpg",150,150,true],"medium":["https:\/\/knfsh.al\/wp-content\/uploads\/2023\/01\/nunciata1-300x225.jpg",300,225,true],"large":["https:\/\/knfsh.al\/wp-content\/uploads\/2023\/01\/nunciata1.jpg",900,674,false],"1536x1536":["https:\/\/knfsh.al\/wp-content\/uploads\/2023\/01\/nunciata1.jpg",960,719,false],"2048x2048":["https:\/\/knfsh.al\/wp-content\/uploads\/2023\/01\/nunciata1.jpg",960,719,false],"trp-custom-language-flag":["https:\/\/knfsh.al\/wp-content\/uploads\/2023\/01\/nunciata1-16x12.jpg",16,12,true],"post-thumbnail":["https:\/\/knfsh.al\/wp-content\/uploads\/2023\/01\/nunciata1-360x220.jpg",360,220,true],"blog-single":["https:\/\/knfsh.al\/wp-content\/uploads\/2023\/01\/nunciata1-750x390.jpg",750,390,true],"events-thumb":["https:\/\/knfsh.al\/wp-content\/uploads\/2023\/01\/nunciata1-170x150.jpg",170,150,true],"events-single":["https:\/\/knfsh.al\/wp-content\/uploads\/2023\/01\/nunciata1-225x240.jpg",225,240,true],"courses-single":["https:\/\/knfsh.al\/wp-content\/uploads\/2023\/01\/nunciata1-770x220.jpg",770,220,true],"slider-image":["https:\/\/knfsh.al\/wp-content\/uploads\/2023\/01\/nunciata1-770x400.jpg",770,400,true],"gallery-thumb":["https:\/\/knfsh.al\/wp-content\/uploads\/2023\/01\/nunciata1-260x180.jpg",260,180,true],"widget-blog-thumb":["https:\/\/knfsh.al\/wp-content\/uploads\/2023\/01\/nunciata1-65x65.jpg",65,65,true]},"rttpg_author":{"display_name":"genti","author_link":"https:\/\/knfsh.al\/en\/author\/genti\/"},"rttpg_comment":0,"rttpg_category":"<a href=\"https:\/\/knfsh.al\/en\/category\/aktivitete\/\">Aktivitete<\/a>","rttpg_excerpt":"Kryetari i K\u00ebshillit Nd\u00ebrfetar t\u00eb Shqip\u00ebris\u00eb dhe nj\u00ebkoh\u00ebsisht kreu i Komunitetit Mysliman H. Bujar Spahiu i shoq\u00ebruar nga Sekretari i P\u00ebrgjithsh\u00ebm i KNFSH-s\u00eb Prof. Asoc. Dr. Genti Kruja zhvilluan me...","_links":{"self":[{"href":"https:\/\/knfsh.al\/en\/wp-json\/wp\/v2\/posts\/1913","targetHints":{"allow":["GET"]}}],"collection":[{"href":"https:\/\/knfsh.al\/en\/wp-json\/wp\/v2\/posts"}],"about":[{"href":"https:\/\/knfsh.al\/en\/wp-json\/wp\/v2\/types\/post"}],"author":[{"embeddable":true,"href":"https:\/\/knfsh.al\/en\/wp-json\/wp\/v2\/users\/2"}],"replies":[{"embeddable":true,"href":"https:\/\/knfsh.al\/en\/wp-json\/wp\/v2\/comments?post=1913"}],"version-history":[{"count":2,"href":"https:\/\/knfsh.al\/en\/wp-json\/wp\/v2\/posts\/1913\/revisions"}],"predecessor-version":[{"id":1917,"href":"https:\/\/knfsh.al\/en\/wp-json\/wp\/v2\/posts\/1913\/revisions\/1917"}],"wp:featuredmedia":[{"embeddable":true,"href":"https:\/\/knfsh.al\/en\/wp-json\/wp\/v2\/media\/1914"}],"wp:attachment":[{"href":"https:\/\/knfsh.al\/en\/wp-json\/wp\/v2\/media?parent=1913"}],"wp:term":[{"taxonomy":"category","embeddable":true,"href":"https:\/\/knfsh.al\/en\/wp-json\/wp\/v2\/categories?post=1913"},{"taxonomy":"post_tag","embeddable":true,"href":"https:\/\/knfsh.al\/en\/wp-json\/wp\/v2\/tags?post=1913"}],"curies":[{"name":"wp","href":"https:\/\/api.w.org\/{rel}","templated":true}]}}