{"id":1522,"date":"2021-11-21T21:31:15","date_gmt":"2021-11-21T20:31:15","guid":{"rendered":"https:\/\/knfsh.al\/?p=1522"},"modified":"2021-11-21T21:35:19","modified_gmt":"2021-11-21T20:35:19","slug":"h-dede-edmond-brahimaj-nderohet-me-cmimin-unaza-e-tolerances-ne-gjermani","status":"publish","type":"post","link":"https:\/\/knfsh.al\/en\/h-dede-edmond-brahimaj-nderohet-me-cmimin-unaza-e-tolerances-ne-gjermani\/","title":{"rendered":"H. Dede Edmond Brahimaj nderohet me \u00e7mimin \u201cUnaza e Toleranc\u00ebs\u201d n\u00eb Gjermani"},"content":{"rendered":"<p style=\"text-align: justify;\">Akademia e Evropiane e Shkencave pran\u00eb Universitetit Teknik t\u00eb Kolnit n\u00eb Gjermani i ka akorduar H. Dede Edmond Brahimajt, Kryegjyshi Bot\u00ebror i Bektashinjve dhe nj\u00ebkoh\u00ebsisht Kryetar i K\u00ebshillit Nd\u00ebrfetar p\u00ebr vitin 2021, \u00c7mimin \u201cUnaza e Toleranc\u00ebs\u201d me motivacionin \u201c<em>p\u00ebr p\u00ebrpjekjet dhe mundimet e vlefshme n\u00eb angazhimet p\u00ebr paqen dhe nxitjen e dialogut nd\u00ebrfetar, si shembull i ve\u00e7ant\u00eb dhe i denj\u00eb p\u00ebr t\u2019u ndjekur n\u00eb t\u00eb nd\u00ebrtimin, promovimin dhe mbrojtjen e toleranc\u00ebs.\u201d<\/em><\/p>\n<p style=\"text-align: justify;\">The award ceremony took place at the premises of the European Academy of Sciences at the University of Cologne in Germany, where academic participated also religious personalities<\/p>\n<p><img loading=\"lazy\" decoding=\"async\" class=\"aligncenter size-full wp-image-1531\" src=\"https:\/\/knfsh.al\/wp-content\/uploads\/2021\/11\/Baba-Mondi-cmim.jpg\" alt=\"\" width=\"1080\" height=\"880\" srcset=\"https:\/\/knfsh.al\/wp-content\/uploads\/2021\/11\/Baba-Mondi-cmim.jpg 1080w, https:\/\/knfsh.al\/wp-content\/uploads\/2021\/11\/Baba-Mondi-cmim-300x244.jpg 300w, https:\/\/knfsh.al\/wp-content\/uploads\/2021\/11\/Baba-Mondi-cmim-1024x834.jpg 1024w, https:\/\/knfsh.al\/wp-content\/uploads\/2021\/11\/Baba-Mondi-cmim-768x626.jpg 768w, https:\/\/knfsh.al\/wp-content\/uploads\/2021\/11\/Baba-Mondi-cmim-15x12.jpg 15w\" sizes=\"auto, (max-width: 1080px) 100vw, 1080px\" \/> <img loading=\"lazy\" decoding=\"async\" class=\"aligncenter size-full wp-image-1525\" src=\"https:\/\/knfsh.al\/wp-content\/uploads\/2021\/11\/Baba-Mondi-cmimi3.jpg\" alt=\"\" width=\"960\" height=\"634\" srcset=\"https:\/\/knfsh.al\/wp-content\/uploads\/2021\/11\/Baba-Mondi-cmimi3.jpg 960w, https:\/\/knfsh.al\/wp-content\/uploads\/2021\/11\/Baba-Mondi-cmimi3-300x198.jpg 300w, https:\/\/knfsh.al\/wp-content\/uploads\/2021\/11\/Baba-Mondi-cmimi3-768x507.jpg 768w, https:\/\/knfsh.al\/wp-content\/uploads\/2021\/11\/Baba-Mondi-cmimi3-18x12.jpg 18w\" sizes=\"auto, (max-width: 960px) 100vw, 960px\" \/><img loading=\"lazy\" decoding=\"async\" class=\"aligncenter size-full wp-image-1527\" src=\"https:\/\/knfsh.al\/wp-content\/uploads\/2021\/11\/Baba-Mondi-cmimi5.jpg\" alt=\"\" width=\"768\" height=\"1024\" srcset=\"https:\/\/knfsh.al\/wp-content\/uploads\/2021\/11\/Baba-Mondi-cmimi5.jpg 768w, https:\/\/knfsh.al\/wp-content\/uploads\/2021\/11\/Baba-Mondi-cmimi5-225x300.jpg 225w, https:\/\/knfsh.al\/wp-content\/uploads\/2021\/11\/Baba-Mondi-cmimi5-9x12.jpg 9w\" sizes=\"auto, (max-width: 768px) 100vw, 768px\" \/> <img loading=\"lazy\" decoding=\"async\" class=\"aligncenter size-full wp-image-1526\" src=\"https:\/\/knfsh.al\/wp-content\/uploads\/2021\/11\/Baba-Mondi-cmimi4.jpg\" alt=\"\" width=\"768\" height=\"1024\" srcset=\"https:\/\/knfsh.al\/wp-content\/uploads\/2021\/11\/Baba-Mondi-cmimi4.jpg 768w, https:\/\/knfsh.al\/wp-content\/uploads\/2021\/11\/Baba-Mondi-cmimi4-225x300.jpg 225w, https:\/\/knfsh.al\/wp-content\/uploads\/2021\/11\/Baba-Mondi-cmimi4-9x12.jpg 9w\" sizes=\"auto, (max-width: 768px) 100vw, 768px\" \/><\/p>\n<p>&nbsp;<\/p>\n<p style=\"text-align: justify;\">","protected":false},"excerpt":{"rendered":"<p>Akademia e Evropiane e Shkencave pran\u00eb Universitetit Teknik t\u00eb Kolnit n\u00eb Gjermani i ka akorduar H. Dede Edmond Brahimajt, Kryegjyshi Bot\u00ebror i Bektashinjve dhe nj\u00ebkoh\u00ebsisht Kryetar i K\u00ebshillit Nd\u00ebrfetar p\u00ebr&#8230;<\/p>","protected":false},"author":2,"featured_media":1523,"comment_status":"closed","ping_status":"closed","sticky":false,"template":"","format":"standard","meta":{"footnotes":""},"categories":[33],"tags":[],"class_list":["post-1522","post","type-post","status-publish","format-standard","has-post-thumbnail","hentry","category-aktivitete"],"rttpg_featured_image_url":{"full":["https:\/\/knfsh.al\/wp-content\/uploads\/2021\/11\/Baba-Mondi-cmimi1.jpg",940,470,false],"landscape":["https:\/\/knfsh.al\/wp-content\/uploads\/2021\/11\/Baba-Mondi-cmimi1.jpg",940,470,false],"portraits":["https:\/\/knfsh.al\/wp-content\/uploads\/2021\/11\/Baba-Mondi-cmimi1.jpg",940,470,false],"thumbnail":["https:\/\/knfsh.al\/wp-content\/uploads\/2021\/11\/Baba-Mondi-cmimi1-150x150.jpg",150,150,true],"medium":["https:\/\/knfsh.al\/wp-content\/uploads\/2021\/11\/Baba-Mondi-cmimi1-300x150.jpg",300,150,true],"large":["https:\/\/knfsh.al\/wp-content\/uploads\/2021\/11\/Baba-Mondi-cmimi1.jpg",900,450,false],"1536x1536":["https:\/\/knfsh.al\/wp-content\/uploads\/2021\/11\/Baba-Mondi-cmimi1.jpg",940,470,false],"2048x2048":["https:\/\/knfsh.al\/wp-content\/uploads\/2021\/11\/Baba-Mondi-cmimi1.jpg",940,470,false],"trp-custom-language-flag":["https:\/\/knfsh.al\/wp-content\/uploads\/2021\/11\/Baba-Mondi-cmimi1-18x9.jpg",18,9,true],"post-thumbnail":["https:\/\/knfsh.al\/wp-content\/uploads\/2021\/11\/Baba-Mondi-cmimi1-360x220.jpg",360,220,true],"blog-single":["https:\/\/knfsh.al\/wp-content\/uploads\/2021\/11\/Baba-Mondi-cmimi1-750x390.jpg",750,390,true],"events-thumb":["https:\/\/knfsh.al\/wp-content\/uploads\/2021\/11\/Baba-Mondi-cmimi1-170x150.jpg",170,150,true],"events-single":["https:\/\/knfsh.al\/wp-content\/uploads\/2021\/11\/Baba-Mondi-cmimi1-225x240.jpg",225,240,true],"courses-single":["https:\/\/knfsh.al\/wp-content\/uploads\/2021\/11\/Baba-Mondi-cmimi1-770x220.jpg",770,220,true],"slider-image":["https:\/\/knfsh.al\/wp-content\/uploads\/2021\/11\/Baba-Mondi-cmimi1-770x400.jpg",770,400,true],"gallery-thumb":["https:\/\/knfsh.al\/wp-content\/uploads\/2021\/11\/Baba-Mondi-cmimi1-260x180.jpg",260,180,true],"widget-blog-thumb":["https:\/\/knfsh.al\/wp-content\/uploads\/2021\/11\/Baba-Mondi-cmimi1-65x65.jpg",65,65,true]},"rttpg_author":{"display_name":"genti","author_link":"https:\/\/knfsh.al\/en\/author\/genti\/"},"rttpg_comment":0,"rttpg_category":"<a href=\"https:\/\/knfsh.al\/en\/category\/aktivitete\/\">Aktivitete<\/a>","rttpg_excerpt":"Akademia e Evropiane e Shkencave pran\u00eb Universitetit Teknik t\u00eb Kolnit n\u00eb Gjermani i ka akorduar H. Dede Edmond Brahimajt, Kryegjyshi Bot\u00ebror i Bektashinjve dhe nj\u00ebkoh\u00ebsisht Kryetar i K\u00ebshillit Nd\u00ebrfetar p\u00ebr...","_links":{"self":[{"href":"https:\/\/knfsh.al\/en\/wp-json\/wp\/v2\/posts\/1522","targetHints":{"allow":["GET"]}}],"collection":[{"href":"https:\/\/knfsh.al\/en\/wp-json\/wp\/v2\/posts"}],"about":[{"href":"https:\/\/knfsh.al\/en\/wp-json\/wp\/v2\/types\/post"}],"author":[{"embeddable":true,"href":"https:\/\/knfsh.al\/en\/wp-json\/wp\/v2\/users\/2"}],"replies":[{"embeddable":true,"href":"https:\/\/knfsh.al\/en\/wp-json\/wp\/v2\/comments?post=1522"}],"version-history":[{"count":3,"href":"https:\/\/knfsh.al\/en\/wp-json\/wp\/v2\/posts\/1522\/revisions"}],"predecessor-version":[{"id":1529,"href":"https:\/\/knfsh.al\/en\/wp-json\/wp\/v2\/posts\/1522\/revisions\/1529"}],"wp:featuredmedia":[{"embeddable":true,"href":"https:\/\/knfsh.al\/en\/wp-json\/wp\/v2\/media\/1523"}],"wp:attachment":[{"href":"https:\/\/knfsh.al\/en\/wp-json\/wp\/v2\/media?parent=1522"}],"wp:term":[{"taxonomy":"category","embeddable":true,"href":"https:\/\/knfsh.al\/en\/wp-json\/wp\/v2\/categories?post=1522"},{"taxonomy":"post_tag","embeddable":true,"href":"https:\/\/knfsh.al\/en\/wp-json\/wp\/v2\/tags?post=1522"}],"curies":[{"name":"wp","href":"https:\/\/api.w.org\/{rel}","templated":true}]}}