{"id":1487,"date":"2021-10-10T23:15:32","date_gmt":"2021-10-10T22:15:32","guid":{"rendered":"https:\/\/knfsh.al\/?p=1487"},"modified":"2022-04-24T23:06:27","modified_gmt":"2022-04-24T22:06:27","slug":"keshilli-nderfetar-i-shqiperise-pjesemarres-ne-konferencen-nderkombetare-ne-gjermani","status":"publish","type":"post","link":"https:\/\/knfsh.al\/en\/keshilli-nderfetar-i-shqiperise-pjesemarres-ne-konferencen-nderkombetare-ne-gjermani\/","title":{"rendered":"K\u00ebshilli Nd\u00ebrfetar i Shqip\u00ebris\u00eb pjes\u00ebmarr\u00ebs n\u00eb Konferenc\u00ebn Nd\u00ebrkomb\u00ebtare n\u00eb Gjermani"},"content":{"rendered":"<p style=\"text-align: justify;\">N\u00eb datat 3-7 tetor 2021 \u00ebsht\u00eb zhvilluar n\u00eb Lindau, Gjermani, Konferenca Nd\u00ebrkomb\u00ebtare e K\u00ebshillit Bot\u00ebror t\u00eb Lider\u00ebve Fetar\u00eb mbi Besimin dhe Diplomacin\u00eb \u201cBrezat n\u00eb Dialog\u201d, mb\u00ebshtetur nga qeveria gjermane. P\u00ebr shkak t\u00eb pandemis\u00eb dhe masave t\u00eb marra, konferenca \u00ebsht\u00eb mbajtur n\u00eb m\u00ebnyr\u00eb hibride (me pjes\u00ebmarrje fizike dhe shumica online) me p\u00ebrfaq\u00ebsues zyrtar\u00eb nga k\u00ebshillat nd\u00ebrfetar\u00eb nga shtete t\u00eb ndryshme, p\u00ebrfaq\u00ebsues nga bota akademike, institucione qeveritare dhe civile, si dhe organizata t\u00eb paqes dhe dialogut nga e gjith\u00eb bota.<\/p>\n<p style=\"text-align: justify;\"><img loading=\"lazy\" decoding=\"async\" class=\"alignleft size-medium wp-image-1491\" src=\"https:\/\/knfsh.al\/wp-content\/uploads\/2021\/10\/genti-300x298.jpg\" alt=\"\" width=\"300\" height=\"298\" srcset=\"https:\/\/knfsh.al\/wp-content\/uploads\/2021\/10\/genti-300x298.jpg 300w, https:\/\/knfsh.al\/wp-content\/uploads\/2021\/10\/genti-150x150.jpg 150w, https:\/\/knfsh.al\/wp-content\/uploads\/2021\/10\/genti-768x764.jpg 768w, https:\/\/knfsh.al\/wp-content\/uploads\/2021\/10\/genti-12x12.jpg 12w, https:\/\/knfsh.al\/wp-content\/uploads\/2021\/10\/genti-65x65.jpg 65w, https:\/\/knfsh.al\/wp-content\/uploads\/2021\/10\/genti.jpg 960w\" sizes=\"auto, (max-width: 300px) 100vw, 300px\" \/>Dr. Genti Kruja, Sekretar i P\u00ebrgjithsh\u00ebm i K\u00ebshillit Nd\u00ebrfetar t\u00eb Shqip\u00ebris\u00eb ishte i ftuar me kumtes\u00eb n\u00eb nj\u00eb nga seancat shkencore t\u00eb konferenc\u00ebs, dedikuar humanitarizmit dhe rolit t\u00eb komuniteteve fetare gjat\u00eb koh\u00ebs s\u00eb pandemis\u00eb n\u00eb k\u00ebt\u00eb fush\u00eb. Ai \u00ebsht\u00eb ndalur fillimisht n\u00eb modelin e dialogut nd\u00ebrfetar n\u00eb Shqip\u00ebri dhe m\u00eb pas ka folur p\u00ebr kontributin e komuniteteve fetare dhe bashk\u00ebpunimin me organizatat e \u201cK\u00ebshillit Bot\u00ebror t\u00eb Lider\u00ebve Fetar\u00eb\u201d dhe \u201cFet\u00eb p\u00ebr Paqen\u201d p\u00ebr implementimin e nj\u00eb ndihme humanitare p\u00ebr disa qindra familje n\u00eb nevoj\u00eb n\u00eb Shqip\u00ebri gjat\u00eb vitit 2020, ku t\u00eb rinj dhe t\u00eb reja mysliman\u00eb dhe t\u00eb krishter\u00eb u angazhuan vullnetarisht p\u00ebr shp\u00ebrndarjen e ndihmave n\u00eb disa zona t\u00eb vendit, kryesisht n\u00eb familje me jetim\u00eb dhe ata t\u00eb prekur nga t\u00ebrmeti i fundvitit 2019.<\/p>\n<p><iframe loading=\"lazy\" class=\"wp-embedded-content\" sandbox=\"allow-scripts\" security=\"restricted\" title=\"&#8220;K\u00ebshilli Nd\u00ebrfetar i Shqip\u00ebris\u00eb n\u00eb ndihm\u00eb t\u00eb qindra familjeve n\u00eb nevoj\u00eb&#8221; &#8212; KNFSH\" src=\"https:\/\/knfsh.al\/keshilli-nderfetar-i-shqiperise-ne-ndihme-te-qindra-familjeve-ne-nevoje\/embed\/#?secret=jmym4jWLxK\" data-secret=\"jmym4jWLxK\" width=\"600\" height=\"338\" frameborder=\"0\" marginwidth=\"0\" marginheight=\"0\" scrolling=\"no\"><\/iframe><\/p>\n<p style=\"text-align: justify;\">Gjat\u00eb kat\u00ebr dit\u00ebve t\u00eb konferenc\u00ebs, kumtues nga e gjith\u00eb bota kan\u00eb v\u00ebn\u00eb theksin n\u00eb rolin e bashk\u00ebpunimit dhe dialogut nd\u00ebrfetar n\u00eb zbutjen e plag\u00ebve t\u00eb shoq\u00ebris\u00eb bot\u00ebrore, si\u00e7 jan\u00eb krizat humanitare, ekologjia, pandemia, konfliktet dhe dhuna, arsimi, etj., duke i b\u00ebr\u00eb thirrje qeverive dhe organizatave nd\u00ebrkomb\u00ebtare p\u00ebr m\u00eb shum\u00eb v\u00ebmendje dhe p\u00ebrkushtim ndaj humanizmit.<\/p>\n<p><img loading=\"lazy\" decoding=\"async\" class=\"aligncenter size-full wp-image-1492\" src=\"https:\/\/knfsh.al\/wp-content\/uploads\/2021\/10\/paneli2.jpg\" alt=\"\" width=\"960\" height=\"960\" srcset=\"https:\/\/knfsh.al\/wp-content\/uploads\/2021\/10\/paneli2.jpg 960w, https:\/\/knfsh.al\/wp-content\/uploads\/2021\/10\/paneli2-300x300.jpg 300w, https:\/\/knfsh.al\/wp-content\/uploads\/2021\/10\/paneli2-150x150.jpg 150w, https:\/\/knfsh.al\/wp-content\/uploads\/2021\/10\/paneli2-768x768.jpg 768w, https:\/\/knfsh.al\/wp-content\/uploads\/2021\/10\/paneli2-12x12.jpg 12w, https:\/\/knfsh.al\/wp-content\/uploads\/2021\/10\/paneli2-65x65.jpg 65w\" sizes=\"auto, (max-width: 960px) 100vw, 960px\" \/><img loading=\"lazy\" decoding=\"async\" class=\"aligncenter size-full wp-image-1489\" src=\"https:\/\/knfsh.al\/wp-content\/uploads\/2021\/10\/Genti-Azza.jpg\" alt=\"\" width=\"1440\" height=\"957\" srcset=\"https:\/\/knfsh.al\/wp-content\/uploads\/2021\/10\/Genti-Azza.jpg 1440w, https:\/\/knfsh.al\/wp-content\/uploads\/2021\/10\/Genti-Azza-300x199.jpg 300w, https:\/\/knfsh.al\/wp-content\/uploads\/2021\/10\/Genti-Azza-1024x681.jpg 1024w, https:\/\/knfsh.al\/wp-content\/uploads\/2021\/10\/Genti-Azza-768x510.jpg 768w, https:\/\/knfsh.al\/wp-content\/uploads\/2021\/10\/Genti-Azza-18x12.jpg 18w\" sizes=\"auto, (max-width: 1440px) 100vw, 1440px\" \/><img loading=\"lazy\" decoding=\"async\" class=\"aligncenter size-full wp-image-1490\" src=\"https:\/\/knfsh.al\/wp-content\/uploads\/2021\/10\/Genti-Luigi-Joan.jpg\" alt=\"\" width=\"1747\" height=\"2015\" srcset=\"https:\/\/knfsh.al\/wp-content\/uploads\/2021\/10\/Genti-Luigi-Joan.jpg 1747w, https:\/\/knfsh.al\/wp-content\/uploads\/2021\/10\/Genti-Luigi-Joan-260x300.jpg 260w, https:\/\/knfsh.al\/wp-content\/uploads\/2021\/10\/Genti-Luigi-Joan-888x1024.jpg 888w, https:\/\/knfsh.al\/wp-content\/uploads\/2021\/10\/Genti-Luigi-Joan-768x886.jpg 768w, https:\/\/knfsh.al\/wp-content\/uploads\/2021\/10\/Genti-Luigi-Joan-1332x1536.jpg 1332w, https:\/\/knfsh.al\/wp-content\/uploads\/2021\/10\/Genti-Luigi-Joan-10x12.jpg 10w\" sizes=\"auto, (max-width: 1747px) 100vw, 1747px\" \/><\/p>","protected":false},"excerpt":{"rendered":"<p>N\u00eb datat 3-7 tetor 2021 \u00ebsht\u00eb zhvilluar n\u00eb Lindau, Gjermani, Konferenca Nd\u00ebrkomb\u00ebtare e K\u00ebshillit Bot\u00ebror t\u00eb Lider\u00ebve Fetar\u00eb mbi Besimin dhe Diplomacin\u00eb \u201cBrezat n\u00eb Dialog\u201d, mb\u00ebshtetur nga qeveria gjermane. P\u00ebr&#8230;<\/p>","protected":false},"author":2,"featured_media":1488,"comment_status":"closed","ping_status":"closed","sticky":false,"template":"","format":"standard","meta":{"footnotes":""},"categories":[33,43],"tags":[110,121,79,50,82,60],"class_list":["post-1487","post","type-post","status-publish","format-standard","has-post-thumbnail","hentry","category-aktivitete","category-konferenca","tag-dialog","tag-ecrl","tag-irca","tag-knfsh","tag-lindau","tag-rfp"],"rttpg_featured_image_url":{"full":["https:\/\/knfsh.al\/wp-content\/uploads\/2021\/10\/paneli.jpg",960,540,false],"landscape":["https:\/\/knfsh.al\/wp-content\/uploads\/2021\/10\/paneli.jpg",960,540,false],"portraits":["https:\/\/knfsh.al\/wp-content\/uploads\/2021\/10\/paneli.jpg",960,540,false],"thumbnail":["https:\/\/knfsh.al\/wp-content\/uploads\/2021\/10\/paneli-150x150.jpg",150,150,true],"medium":["https:\/\/knfsh.al\/wp-content\/uploads\/2021\/10\/paneli-300x169.jpg",300,169,true],"large":["https:\/\/knfsh.al\/wp-content\/uploads\/2021\/10\/paneli.jpg",900,506,false],"1536x1536":["https:\/\/knfsh.al\/wp-content\/uploads\/2021\/10\/paneli.jpg",960,540,false],"2048x2048":["https:\/\/knfsh.al\/wp-content\/uploads\/2021\/10\/paneli.jpg",960,540,false],"trp-custom-language-flag":["https:\/\/knfsh.al\/wp-content\/uploads\/2021\/10\/paneli-18x10.jpg",18,10,true],"post-thumbnail":["https:\/\/knfsh.al\/wp-content\/uploads\/2021\/10\/paneli-360x220.jpg",360,220,true],"blog-single":["https:\/\/knfsh.al\/wp-content\/uploads\/2021\/10\/paneli-750x390.jpg",750,390,true],"events-thumb":["https:\/\/knfsh.al\/wp-content\/uploads\/2021\/10\/paneli-170x150.jpg",170,150,true],"events-single":["https:\/\/knfsh.al\/wp-content\/uploads\/2021\/10\/paneli-225x240.jpg",225,240,true],"courses-single":["https:\/\/knfsh.al\/wp-content\/uploads\/2021\/10\/paneli-770x220.jpg",770,220,true],"slider-image":["https:\/\/knfsh.al\/wp-content\/uploads\/2021\/10\/paneli-770x400.jpg",770,400,true],"gallery-thumb":["https:\/\/knfsh.al\/wp-content\/uploads\/2021\/10\/paneli-260x180.jpg",260,180,true],"widget-blog-thumb":["https:\/\/knfsh.al\/wp-content\/uploads\/2021\/10\/paneli-65x65.jpg",65,65,true]},"rttpg_author":{"display_name":"genti","author_link":"https:\/\/knfsh.al\/en\/author\/genti\/"},"rttpg_comment":0,"rttpg_category":"<a href=\"https:\/\/knfsh.al\/en\/category\/aktivitete\/\">Aktivitete<\/a> <a href=\"https:\/\/knfsh.al\/en\/category\/konferenca\/\">Konferenca<\/a>","rttpg_excerpt":"N\u00eb datat 3-7 tetor 2021 \u00ebsht\u00eb zhvilluar n\u00eb Lindau, Gjermani, Konferenca Nd\u00ebrkomb\u00ebtare e K\u00ebshillit Bot\u00ebror t\u00eb Lider\u00ebve Fetar\u00eb mbi Besimin dhe Diplomacin\u00eb \u201cBrezat n\u00eb Dialog\u201d, mb\u00ebshtetur nga qeveria gjermane. P\u00ebr...","_links":{"self":[{"href":"https:\/\/knfsh.al\/en\/wp-json\/wp\/v2\/posts\/1487","targetHints":{"allow":["GET"]}}],"collection":[{"href":"https:\/\/knfsh.al\/en\/wp-json\/wp\/v2\/posts"}],"about":[{"href":"https:\/\/knfsh.al\/en\/wp-json\/wp\/v2\/types\/post"}],"author":[{"embeddable":true,"href":"https:\/\/knfsh.al\/en\/wp-json\/wp\/v2\/users\/2"}],"replies":[{"embeddable":true,"href":"https:\/\/knfsh.al\/en\/wp-json\/wp\/v2\/comments?post=1487"}],"version-history":[{"count":3,"href":"https:\/\/knfsh.al\/en\/wp-json\/wp\/v2\/posts\/1487\/revisions"}],"predecessor-version":[{"id":1496,"href":"https:\/\/knfsh.al\/en\/wp-json\/wp\/v2\/posts\/1487\/revisions\/1496"}],"wp:featuredmedia":[{"embeddable":true,"href":"https:\/\/knfsh.al\/en\/wp-json\/wp\/v2\/media\/1488"}],"wp:attachment":[{"href":"https:\/\/knfsh.al\/en\/wp-json\/wp\/v2\/media?parent=1487"}],"wp:term":[{"taxonomy":"category","embeddable":true,"href":"https:\/\/knfsh.al\/en\/wp-json\/wp\/v2\/categories?post=1487"},{"taxonomy":"post_tag","embeddable":true,"href":"https:\/\/knfsh.al\/en\/wp-json\/wp\/v2\/tags?post=1487"}],"curies":[{"name":"wp","href":"https:\/\/api.w.org\/{rel}","templated":true}]}}