{"id":1467,"date":"2021-09-25T12:33:55","date_gmt":"2021-09-25T11:33:55","guid":{"rendered":"https:\/\/knfsh.al\/?p=1467"},"modified":"2021-09-25T12:50:44","modified_gmt":"2021-09-25T11:50:44","slug":"forum-i-hapur-dhe-takim-pune-me-departamentin-e-gruas-dhe-rinise-ne-knfsh","status":"publish","type":"post","link":"https:\/\/knfsh.al\/en\/forum-i-hapur-dhe-takim-pune-me-departamentin-e-gruas-dhe-rinise-ne-knfsh\/","title":{"rendered":"Forum i hapur dhe takim pune me Departamentin e Gruas dhe Rinis\u00eb n\u00eb KNFSH"},"content":{"rendered":"<p style=\"text-align: justify;\">K\u00ebshilli Nd\u00ebrfetar i Shqip\u00ebris\u00eb ka zhvilluar nj\u00eb takim pune dhe forum t\u00eb hapur me an\u00ebtar\u00ebt e Departamentit t\u00eb Gruas dhe Departamentit t\u00eb Rinis\u00eb n\u00eb KNFSH, ku \u00ebsht\u00eb folur dhe diskutuar p\u00ebr disa angazhime t\u00eb reja t\u00eb k\u00ebtyre departamenteve.<\/p>\n<p style=\"text-align: justify;\">N\u00eb mbledhjen e moderuar nga Sekretari i P\u00ebrgjithsh\u00ebm Dr. Genti Kruja mori pjes\u00eb edhe Kryetari i Bordit t\u00eb Presidenc\u00ebs n\u00eb KNFSH p\u00ebr vitin 2021 H. Dede Edmond Brahimaj, i cili i uroi t\u00eb pranishm\u00ebve mir\u00ebseardhjen dhe vler\u00ebsoi pun\u00ebn dha angazhimin e vazhduesh\u00ebm t\u00eb an\u00ebtar\u00ebve t\u00eb dy departamenteve n\u00eb aktivitete t\u00eb ndryshme nd\u00ebrfetare.<\/p>\n<p style=\"text-align: justify;\">Nd\u00ebrsa Dr. Kruja pasi ka prezantuar disa an\u00ebtar\u00eb t\u00eb rinj t\u00eb dy departamenteve pas disa ndryshimeve t\u00eb p\u00ebrfaq\u00ebsuesve t\u00eb komuniteteve t\u00eb ndryshme fetare n\u00eb departamentin p\u00ebrkat\u00ebs ka vijuar mbledhjen sipas agjend\u00ebs t\u00eb p\u00ebrcaktuar, ku \u00ebsht\u00eb diskutuar rreth disa projekt-ideve t\u00eb ardhura nga an\u00ebtar\u00ebt e departamenteve dhe angazhimin q\u00eb do t\u00eb ken\u00eb t\u00eb rinjt\u00eb e t\u00eb rejat e KNFSH-s\u00eb n\u00eb nj\u00eb projekt mb\u00ebshtetur nga GCERF.<\/p>\n<p style=\"text-align: justify;\">Pjes\u00eb e k\u00ebtij takimi ka qen\u00eb dhe nj\u00eb bised\u00eb e hapur me t\u00eb ftuarin special t\u00eb k\u00ebtij takimi z. Bardhyl Gosnishti dhe disa an\u00ebtar\u00eb t\u00eb Bordit Ekzekutiv t\u00eb KNFSH-s\u00eb.<\/p>\n<p style=\"text-align: justify;\">Takimi \u00ebsht\u00eb zhvilluar me mb\u00ebshtetjen e \u201c<em>Angazhimit t\u00eb Komunitetit Global dhe Fondit t\u00eb Q\u00ebndrueshm\u00ebris\u00eb\u201d <\/em>(Global Community Engagement and Resilience Fund) me qend\u00ebr n\u00eb Zvic\u00ebr.\/21.09.2021<\/p>\n<p><img loading=\"lazy\" decoding=\"async\" class=\"aligncenter size-full wp-image-1471\" src=\"https:\/\/knfsh.al\/wp-content\/uploads\/2021\/09\/DSC_9821.jpg\" alt=\"\" width=\"1802\" height=\"891\" srcset=\"https:\/\/knfsh.al\/wp-content\/uploads\/2021\/09\/DSC_9821.jpg 1802w, https:\/\/knfsh.al\/wp-content\/uploads\/2021\/09\/DSC_9821-300x148.jpg 300w, https:\/\/knfsh.al\/wp-content\/uploads\/2021\/09\/DSC_9821-1024x506.jpg 1024w, https:\/\/knfsh.al\/wp-content\/uploads\/2021\/09\/DSC_9821-768x380.jpg 768w, https:\/\/knfsh.al\/wp-content\/uploads\/2021\/09\/DSC_9821-1536x759.jpg 1536w, https:\/\/knfsh.al\/wp-content\/uploads\/2021\/09\/DSC_9821-16x8.jpg 16w\" sizes=\"auto, (max-width: 1802px) 100vw, 1802px\" \/><img loading=\"lazy\" decoding=\"async\" class=\"aligncenter size-full wp-image-1470\" src=\"https:\/\/knfsh.al\/wp-content\/uploads\/2021\/09\/DSC_9766.jpg\" alt=\"\" width=\"1479\" height=\"652\" srcset=\"https:\/\/knfsh.al\/wp-content\/uploads\/2021\/09\/DSC_9766.jpg 1479w, https:\/\/knfsh.al\/wp-content\/uploads\/2021\/09\/DSC_9766-300x132.jpg 300w, https:\/\/knfsh.al\/wp-content\/uploads\/2021\/09\/DSC_9766-1024x451.jpg 1024w, https:\/\/knfsh.al\/wp-content\/uploads\/2021\/09\/DSC_9766-768x339.jpg 768w, https:\/\/knfsh.al\/wp-content\/uploads\/2021\/09\/DSC_9766-16x7.jpg 16w\" sizes=\"auto, (max-width: 1479px) 100vw, 1479px\" \/><img loading=\"lazy\" decoding=\"async\" class=\"aligncenter size-full wp-image-1469\" src=\"https:\/\/knfsh.al\/wp-content\/uploads\/2021\/09\/DSC_9752.jpg\" alt=\"\" width=\"1458\" height=\"768\" srcset=\"https:\/\/knfsh.al\/wp-content\/uploads\/2021\/09\/DSC_9752.jpg 1458w, https:\/\/knfsh.al\/wp-content\/uploads\/2021\/09\/DSC_9752-300x158.jpg 300w, https:\/\/knfsh.al\/wp-content\/uploads\/2021\/09\/DSC_9752-1024x539.jpg 1024w, https:\/\/knfsh.al\/wp-content\/uploads\/2021\/09\/DSC_9752-768x405.jpg 768w, https:\/\/knfsh.al\/wp-content\/uploads\/2021\/09\/DSC_9752-16x8.jpg 16w\" sizes=\"auto, (max-width: 1458px) 100vw, 1458px\" \/><img loading=\"lazy\" decoding=\"async\" class=\"aligncenter size-full wp-image-1473\" src=\"https:\/\/knfsh.al\/wp-content\/uploads\/2021\/09\/DSC_9837-1.jpg\" alt=\"\" width=\"1002\" height=\"1230\" srcset=\"https:\/\/knfsh.al\/wp-content\/uploads\/2021\/09\/DSC_9837-1.jpg 1002w, https:\/\/knfsh.al\/wp-content\/uploads\/2021\/09\/DSC_9837-1-244x300.jpg 244w, https:\/\/knfsh.al\/wp-content\/uploads\/2021\/09\/DSC_9837-1-834x1024.jpg 834w, https:\/\/knfsh.al\/wp-content\/uploads\/2021\/09\/DSC_9837-1-768x943.jpg 768w, https:\/\/knfsh.al\/wp-content\/uploads\/2021\/09\/DSC_9837-1-10x12.jpg 10w\" sizes=\"auto, (max-width: 1002px) 100vw, 1002px\" \/><\/p>","protected":false},"excerpt":{"rendered":"<p>K\u00ebshilli Nd\u00ebrfetar i Shqip\u00ebris\u00eb ka zhvilluar nj\u00eb takim pune dhe forum t\u00eb hapur me an\u00ebtar\u00ebt e Departamentit t\u00eb Gruas dhe Departamentit t\u00eb Rinis\u00eb n\u00eb KNFSH, ku \u00ebsht\u00eb folur dhe diskutuar&#8230;<\/p>","protected":false},"author":2,"featured_media":1468,"comment_status":"closed","ping_status":"closed","sticky":false,"template":"","format":"standard","meta":{"footnotes":""},"categories":[33],"tags":[80,81,118,79,120,119],"class_list":["post-1467","post","type-post","status-publish","format-standard","has-post-thumbnail","hentry","category-aktivitete","tag-departamenti-i-gruas","tag-departamenti-i-rinise","tag-gcerf","tag-irca","tag-women","tag-youth"],"rttpg_featured_image_url":{"full":["https:\/\/knfsh.al\/wp-content\/uploads\/2021\/09\/DSC_9785.jpg",1718,699,false],"landscape":["https:\/\/knfsh.al\/wp-content\/uploads\/2021\/09\/DSC_9785.jpg",1718,699,false],"portraits":["https:\/\/knfsh.al\/wp-content\/uploads\/2021\/09\/DSC_9785.jpg",1718,699,false],"thumbnail":["https:\/\/knfsh.al\/wp-content\/uploads\/2021\/09\/DSC_9785-150x150.jpg",150,150,true],"medium":["https:\/\/knfsh.al\/wp-content\/uploads\/2021\/09\/DSC_9785-300x122.jpg",300,122,true],"large":["https:\/\/knfsh.al\/wp-content\/uploads\/2021\/09\/DSC_9785-1024x417.jpg",900,367,true],"1536x1536":["https:\/\/knfsh.al\/wp-content\/uploads\/2021\/09\/DSC_9785-1536x625.jpg",1536,625,true],"2048x2048":["https:\/\/knfsh.al\/wp-content\/uploads\/2021\/09\/DSC_9785.jpg",1718,699,false],"trp-custom-language-flag":["https:\/\/knfsh.al\/wp-content\/uploads\/2021\/09\/DSC_9785-16x7.jpg",16,7,true],"post-thumbnail":["https:\/\/knfsh.al\/wp-content\/uploads\/2021\/09\/DSC_9785-360x220.jpg",360,220,true],"blog-single":["https:\/\/knfsh.al\/wp-content\/uploads\/2021\/09\/DSC_9785-750x390.jpg",750,390,true],"events-thumb":["https:\/\/knfsh.al\/wp-content\/uploads\/2021\/09\/DSC_9785-170x150.jpg",170,150,true],"events-single":["https:\/\/knfsh.al\/wp-content\/uploads\/2021\/09\/DSC_9785-225x240.jpg",225,240,true],"courses-single":["https:\/\/knfsh.al\/wp-content\/uploads\/2021\/09\/DSC_9785-770x220.jpg",770,220,true],"slider-image":["https:\/\/knfsh.al\/wp-content\/uploads\/2021\/09\/DSC_9785-770x400.jpg",770,400,true],"gallery-thumb":["https:\/\/knfsh.al\/wp-content\/uploads\/2021\/09\/DSC_9785-260x180.jpg",260,180,true],"widget-blog-thumb":["https:\/\/knfsh.al\/wp-content\/uploads\/2021\/09\/DSC_9785-65x65.jpg",65,65,true]},"rttpg_author":{"display_name":"genti","author_link":"https:\/\/knfsh.al\/en\/author\/genti\/"},"rttpg_comment":0,"rttpg_category":"<a href=\"https:\/\/knfsh.al\/en\/category\/aktivitete\/\">Aktivitete<\/a>","rttpg_excerpt":"K\u00ebshilli Nd\u00ebrfetar i Shqip\u00ebris\u00eb ka zhvilluar nj\u00eb takim pune dhe forum t\u00eb hapur me an\u00ebtar\u00ebt e Departamentit t\u00eb Gruas dhe Departamentit t\u00eb Rinis\u00eb n\u00eb KNFSH, ku \u00ebsht\u00eb folur dhe diskutuar...","_links":{"self":[{"href":"https:\/\/knfsh.al\/en\/wp-json\/wp\/v2\/posts\/1467","targetHints":{"allow":["GET"]}}],"collection":[{"href":"https:\/\/knfsh.al\/en\/wp-json\/wp\/v2\/posts"}],"about":[{"href":"https:\/\/knfsh.al\/en\/wp-json\/wp\/v2\/types\/post"}],"author":[{"embeddable":true,"href":"https:\/\/knfsh.al\/en\/wp-json\/wp\/v2\/users\/2"}],"replies":[{"embeddable":true,"href":"https:\/\/knfsh.al\/en\/wp-json\/wp\/v2\/comments?post=1467"}],"version-history":[{"count":3,"href":"https:\/\/knfsh.al\/en\/wp-json\/wp\/v2\/posts\/1467\/revisions"}],"predecessor-version":[{"id":1476,"href":"https:\/\/knfsh.al\/en\/wp-json\/wp\/v2\/posts\/1467\/revisions\/1476"}],"wp:featuredmedia":[{"embeddable":true,"href":"https:\/\/knfsh.al\/en\/wp-json\/wp\/v2\/media\/1468"}],"wp:attachment":[{"href":"https:\/\/knfsh.al\/en\/wp-json\/wp\/v2\/media?parent=1467"}],"wp:term":[{"taxonomy":"category","embeddable":true,"href":"https:\/\/knfsh.al\/en\/wp-json\/wp\/v2\/categories?post=1467"},{"taxonomy":"post_tag","embeddable":true,"href":"https:\/\/knfsh.al\/en\/wp-json\/wp\/v2\/tags?post=1467"}],"curies":[{"name":"wp","href":"https:\/\/api.w.org\/{rel}","templated":true}]}}