{"id":1217,"date":"2020-10-30T00:03:47","date_gmt":"2020-10-29T23:03:47","guid":{"rendered":"http:\/\/knfsh.al\/?p=1217"},"modified":"2020-12-26T01:23:47","modified_gmt":"2020-12-26T00:23:47","slug":"zhvillohet-tryeza-e-rrumbullaket-sfida-e-trafikimit-ne-shqiperi-dhe-angazhimi-i-besimeve-fetare-kunder-trafikimit","status":"publish","type":"post","link":"https:\/\/knfsh.al\/en\/zhvillohet-tryeza-e-rrumbullaket-sfida-e-trafikimit-ne-shqiperi-dhe-angazhimi-i-besimeve-fetare-kunder-trafikimit\/","title":{"rendered":"Tryez\u00eb e rrumbullak\u00ebt \u201cSfida e trafikimit n\u00eb Shqip\u00ebri dhe angazhimi i besimeve fetare\u201d"},"content":{"rendered":"<p style=\"text-align: justify;\">Dit\u00ebn e sotme me dt. 29.10.2020 \u00ebsht\u00eb zhvilluar n\u00eb Tiran\u00eb nj\u00eb tryez\u00eb e rrumbullak\u00ebt e titulluar \u201cSfida e trafikimit n\u00eb Shqip\u00ebri dhe angazhimi i besimeve fetare kund\u00ebr trafikimit\u201d, organizuar nga organizata Caritas n\u00eb bashk\u00ebpunim me Ministrin\u00eb e Pun\u00ebve t\u00eb Brendshme dhe K\u00ebshillin Nd\u00ebrfetar t\u00eb Shqip\u00ebris\u00eb.<\/p>\n<p style=\"text-align: justify;\">Paneli i moderuar nga znj. Ariela Mitri \u00ebsht\u00eb hapur me nj\u00eb fjal\u00eb p\u00ebrsh\u00ebndet\u00ebse nga Mons. George Frendo, Kryetar i K\u00ebshillit Nd\u00ebrfetar t\u00eb Shqip\u00ebris\u00eb dhe nj\u00ebkoh\u00ebsisht Kryetar i Konferenc\u00ebs Ipeshkvore t\u00eb Shqip\u00ebris\u00eb. M\u00eb pas kan\u00eb referuar Dr. Genti Kruja &#8211; Sekretari i P\u00ebrgjithsh\u00ebm i K\u00ebshillit Nd\u00ebrfetar dhe P\u00ebrgjegj\u00ebs i Departamentit t\u00eb Shkencave Islame n\u00eb Universitetin Bed\u00ebr, znj. Mimoza Qyra nga Zyra e Koordinatorit Komb\u00ebtar &#8211; Ministria e Brendshme, znj. Alma Tandilli &#8211; Drejtoresha e Agjencis\u00eb \u00a0Shtet\u00ebrore p\u00ebr Mbrojtjen e f\u00ebmij\u00ebve, znj. Marjana Meshi &#8211; Drejtoresh\u00eb e Strehez\u00ebs p\u00ebr Viktima trafikimi, si dhe Mot\u00ebr Alma Zogu nga Streh\u00ebza \u201cRozalba\u201d.<\/p>\n<p style=\"text-align: justify;\">N\u00eb k\u00ebt\u00eb panel merrnin pjes\u00eb dhe p\u00ebrfaq\u00ebsues nga Ambasada Amerikane, si dhe an\u00ebtar\u00ebt e Departamentit t\u00eb Gruas dhe Departamentit t\u00eb Rinis\u00eb n\u00eb K\u00ebshillin Nd\u00ebrfetar t\u00eb Shqip\u00ebris\u00eb, t\u00eb cil\u00ebt kan\u00eb diskutuar dhe bashk\u00ebbiseduar me panelist\u00ebt rreth tem\u00ebs s\u00eb k\u00ebsaj tryeze, duke v\u00ebn\u00eb theksin n\u00eb bashk\u00ebpunimin e t\u00eb gjith\u00eb faktor\u00ebve n\u00eb mbrojtje t\u00eb viktimave dhe grupeve vulnerab\u00ebl ndaj trafikimit t\u00eb qenieve njer\u00ebzore.<\/p>\n<p><img loading=\"lazy\" decoding=\"async\" class=\"aligncenter size-full wp-image-1219\" src=\"http:\/\/knfsh.al\/wp-content\/uploads\/2020\/10\/WhatsApp-Image-2020-10-29-at-11.37.19-PM-8.jpeg\" alt=\"\" width=\"960\" height=\"1280\" srcset=\"https:\/\/knfsh.al\/wp-content\/uploads\/2020\/10\/WhatsApp-Image-2020-10-29-at-11.37.19-PM-8.jpeg 960w, https:\/\/knfsh.al\/wp-content\/uploads\/2020\/10\/WhatsApp-Image-2020-10-29-at-11.37.19-PM-8-225x300.jpeg 225w, https:\/\/knfsh.al\/wp-content\/uploads\/2020\/10\/WhatsApp-Image-2020-10-29-at-11.37.19-PM-8-768x1024.jpeg 768w\" sizes=\"auto, (max-width: 960px) 100vw, 960px\" \/> <img loading=\"lazy\" decoding=\"async\" class=\"aligncenter size-full wp-image-1220\" src=\"http:\/\/knfsh.al\/wp-content\/uploads\/2020\/10\/WhatsApp-Image-2020-10-29-at-11.37.19-PM-7.jpeg\" alt=\"\" width=\"960\" height=\"1280\" srcset=\"https:\/\/knfsh.al\/wp-content\/uploads\/2020\/10\/WhatsApp-Image-2020-10-29-at-11.37.19-PM-7.jpeg 960w, https:\/\/knfsh.al\/wp-content\/uploads\/2020\/10\/WhatsApp-Image-2020-10-29-at-11.37.19-PM-7-225x300.jpeg 225w, https:\/\/knfsh.al\/wp-content\/uploads\/2020\/10\/WhatsApp-Image-2020-10-29-at-11.37.19-PM-7-768x1024.jpeg 768w\" sizes=\"auto, (max-width: 960px) 100vw, 960px\" \/> <img loading=\"lazy\" decoding=\"async\" class=\"aligncenter size-full wp-image-1221\" src=\"http:\/\/knfsh.al\/wp-content\/uploads\/2020\/10\/WhatsApp-Image-2020-10-29-at-11.37.19-PM-5.jpeg\" alt=\"\" width=\"1024\" height=\"768\" srcset=\"https:\/\/knfsh.al\/wp-content\/uploads\/2020\/10\/WhatsApp-Image-2020-10-29-at-11.37.19-PM-5.jpeg 1024w, https:\/\/knfsh.al\/wp-content\/uploads\/2020\/10\/WhatsApp-Image-2020-10-29-at-11.37.19-PM-5-300x225.jpeg 300w, https:\/\/knfsh.al\/wp-content\/uploads\/2020\/10\/WhatsApp-Image-2020-10-29-at-11.37.19-PM-5-768x576.jpeg 768w\" sizes=\"auto, (max-width: 1024px) 100vw, 1024px\" \/><\/p>","protected":false},"excerpt":{"rendered":"<p>Dit\u00ebn e sotme me dt. 29.10.2020 \u00ebsht\u00eb zhvilluar n\u00eb Tiran\u00eb nj\u00eb tryez\u00eb e rrumbullak\u00ebt e titulluar \u201cSfida e trafikimit n\u00eb Shqip\u00ebri dhe angazhimi i besimeve fetare kund\u00ebr trafikimit\u201d, organizuar nga&#8230;<\/p>","protected":false},"author":2,"featured_media":1218,"comment_status":"closed","ping_status":"closed","sticky":false,"template":"","format":"standard","meta":{"footnotes":""},"categories":[33],"tags":[110,50,109],"class_list":["post-1217","post","type-post","status-publish","format-standard","has-post-thumbnail","hentry","category-aktivitete","tag-dialog","tag-knfsh","tag-trafikim"],"rttpg_featured_image_url":{"full":["https:\/\/knfsh.al\/wp-content\/uploads\/2020\/10\/caritas.jpeg",937,581,false],"landscape":["https:\/\/knfsh.al\/wp-content\/uploads\/2020\/10\/caritas.jpeg",937,581,false],"portraits":["https:\/\/knfsh.al\/wp-content\/uploads\/2020\/10\/caritas.jpeg",937,581,false],"thumbnail":["https:\/\/knfsh.al\/wp-content\/uploads\/2020\/10\/caritas-150x150.jpeg",150,150,true],"medium":["https:\/\/knfsh.al\/wp-content\/uploads\/2020\/10\/caritas-300x186.jpeg",300,186,true],"large":["https:\/\/knfsh.al\/wp-content\/uploads\/2020\/10\/caritas.jpeg",900,558,false],"1536x1536":["https:\/\/knfsh.al\/wp-content\/uploads\/2020\/10\/caritas.jpeg",937,581,false],"2048x2048":["https:\/\/knfsh.al\/wp-content\/uploads\/2020\/10\/caritas.jpeg",937,581,false],"trp-custom-language-flag":["https:\/\/knfsh.al\/wp-content\/uploads\/2020\/10\/caritas.jpeg",18,12,false],"post-thumbnail":["https:\/\/knfsh.al\/wp-content\/uploads\/2020\/10\/caritas-360x220.jpeg",360,220,true],"blog-single":["https:\/\/knfsh.al\/wp-content\/uploads\/2020\/10\/caritas-750x390.jpeg",750,390,true],"events-thumb":["https:\/\/knfsh.al\/wp-content\/uploads\/2020\/10\/caritas-170x150.jpeg",170,150,true],"events-single":["https:\/\/knfsh.al\/wp-content\/uploads\/2020\/10\/caritas-225x240.jpeg",225,240,true],"courses-single":["https:\/\/knfsh.al\/wp-content\/uploads\/2020\/10\/caritas-770x220.jpeg",770,220,true],"slider-image":["https:\/\/knfsh.al\/wp-content\/uploads\/2020\/10\/caritas-770x400.jpeg",770,400,true],"gallery-thumb":["https:\/\/knfsh.al\/wp-content\/uploads\/2020\/10\/caritas-260x180.jpeg",260,180,true],"widget-blog-thumb":["https:\/\/knfsh.al\/wp-content\/uploads\/2020\/10\/caritas-65x65.jpeg",65,65,true]},"rttpg_author":{"display_name":"genti","author_link":"https:\/\/knfsh.al\/en\/author\/genti\/"},"rttpg_comment":0,"rttpg_category":"<a href=\"https:\/\/knfsh.al\/en\/category\/aktivitete\/\">Aktivitete<\/a>","rttpg_excerpt":"Dit\u00ebn e sotme me dt. 29.10.2020 \u00ebsht\u00eb zhvilluar n\u00eb Tiran\u00eb nj\u00eb tryez\u00eb e rrumbullak\u00ebt e titulluar \u201cSfida e trafikimit n\u00eb Shqip\u00ebri dhe angazhimi i besimeve fetare kund\u00ebr trafikimit\u201d, organizuar nga...","_links":{"self":[{"href":"https:\/\/knfsh.al\/en\/wp-json\/wp\/v2\/posts\/1217","targetHints":{"allow":["GET"]}}],"collection":[{"href":"https:\/\/knfsh.al\/en\/wp-json\/wp\/v2\/posts"}],"about":[{"href":"https:\/\/knfsh.al\/en\/wp-json\/wp\/v2\/types\/post"}],"author":[{"embeddable":true,"href":"https:\/\/knfsh.al\/en\/wp-json\/wp\/v2\/users\/2"}],"replies":[{"embeddable":true,"href":"https:\/\/knfsh.al\/en\/wp-json\/wp\/v2\/comments?post=1217"}],"version-history":[{"count":2,"href":"https:\/\/knfsh.al\/en\/wp-json\/wp\/v2\/posts\/1217\/revisions"}],"predecessor-version":[{"id":1263,"href":"https:\/\/knfsh.al\/en\/wp-json\/wp\/v2\/posts\/1217\/revisions\/1263"}],"wp:featuredmedia":[{"embeddable":true,"href":"https:\/\/knfsh.al\/en\/wp-json\/wp\/v2\/media\/1218"}],"wp:attachment":[{"href":"https:\/\/knfsh.al\/en\/wp-json\/wp\/v2\/media?parent=1217"}],"wp:term":[{"taxonomy":"category","embeddable":true,"href":"https:\/\/knfsh.al\/en\/wp-json\/wp\/v2\/categories?post=1217"},{"taxonomy":"post_tag","embeddable":true,"href":"https:\/\/knfsh.al\/en\/wp-json\/wp\/v2\/tags?post=1217"}],"curies":[{"name":"wp","href":"https:\/\/api.w.org\/{rel}","templated":true}]}}