{"id":1207,"date":"2020-09-23T19:44:38","date_gmt":"2020-09-23T18:44:38","guid":{"rendered":"http:\/\/knfsh.al\/?p=1207"},"modified":"2020-09-23T19:44:38","modified_gmt":"2020-09-23T18:44:38","slug":"mblidhet-bordi-ekzekutiv-i-knfsh-se","status":"publish","type":"post","link":"https:\/\/knfsh.al\/en\/mblidhet-bordi-ekzekutiv-i-knfsh-se\/","title":{"rendered":"Mblidhet Bordi Ekzekutiv i KNFSH-s\u00eb"},"content":{"rendered":"<p style=\"text-align: justify;\">Sot me dt. 23.09.2020 \u00ebsht\u00eb zhvilluar mbledhja e radh\u00ebs e Bordit Ekzekutiv t\u00eb K\u00ebshillit Nd\u00ebrfetar t\u00eb Shqip\u00ebris\u00eb. Mbledhja e mbajtur n\u00eb ambjentet e Arqipeshkvis\u00eb Tiran\u00eb-Durr\u00ebs \u00ebsht\u00eb hapur nga Sekretari i P\u00ebrgjithsh\u00ebm i KNFSH-s\u00eb Dr. Genti Kruja, i cili ka b\u00ebr\u00eb nj\u00eb pasqyr\u00eb t\u00eb aktiviteteve t\u00eb zhvilluara gjat\u00eb k\u00ebtij viti, ku edhe pse n\u00eb kushte pandemie dhe nj\u00eb periudhe disa mujore karantinimi KNFSH ka qen\u00eb aktiv me takime fizike dhe online t\u00eb instancave t\u00eb tij, duke zhvilluar disa projekte humanitare dhe sociale, t\u00eb ideuara dhe realizuara nga vet\u00eb K\u00ebshilli Nd\u00ebrfetar, n\u00ebp\u00ebrmjet Departamentit t\u00eb Gruas dhe Departamentit t\u00eb Rinis\u00eb me mb\u00ebshtetjen e t\u00eb gjith\u00eb komuniteteve fetare dhe drejtuesve t\u00eb tyre.<\/p>\n<p style=\"text-align: justify;\">M\u00eb pas an\u00ebtar\u00ebt e Bordit Ekzekutiv kan\u00eb diskutuar rreth vitit jubile t\u00eb 30 vjetorit t\u00eb liris\u00eb s\u00eb besimit, kur u rihap\u00ebn objektet e kultit pas mbylljes nga regjimi komunist, ngjarje e cila p\u00ebrkon me n\u00ebntorin e k\u00ebtij viti, ku K\u00ebshilli Nd\u00ebrfetar do t\u00eb nd\u00ebrmarr\u00eb disa nisma p\u00ebr p\u00ebrkujtimin e k\u00ebtyre dit\u00ebve n\u00ebp\u00ebrmjet organizimit t\u00eb disa eventeve.<\/p>\n<p style=\"text-align: justify;\">Pas diskutimeve dhe konsultimeve t\u00eb zhvilluara, mbledhja \u00ebsht\u00eb p\u00ebrsh\u00ebndetur dhe nga Kryetari i K\u00ebshillit Nd\u00ebrfetar Mons. George Frendo, nj\u00ebkoh\u00ebsisht dhe President i Konferenc\u00ebs Ipeshkvnore t\u00eb Shqip\u00ebris\u00eb, i cili ka vler\u00ebsuar pun\u00ebn dhe iniciativat e nd\u00ebrmarr\u00eb nga an\u00ebtar\u00ebt e bordeve t\u00eb K\u00ebshillit Nd\u00ebrfetar t\u00eb Shqip\u00ebris\u00eb.<\/p>\n<p><img loading=\"lazy\" decoding=\"async\" class=\"aligncenter size-full wp-image-1209\" src=\"http:\/\/knfsh.al\/wp-content\/uploads\/2020\/09\/Bordi-Ekzekutiv-1.jpg\" alt=\"\" width=\"960\" height=\"505\" srcset=\"https:\/\/knfsh.al\/wp-content\/uploads\/2020\/09\/Bordi-Ekzekutiv-1.jpg 960w, https:\/\/knfsh.al\/wp-content\/uploads\/2020\/09\/Bordi-Ekzekutiv-1-300x158.jpg 300w, https:\/\/knfsh.al\/wp-content\/uploads\/2020\/09\/Bordi-Ekzekutiv-1-768x404.jpg 768w\" sizes=\"auto, (max-width: 960px) 100vw, 960px\" \/> <img loading=\"lazy\" decoding=\"async\" class=\"aligncenter size-full wp-image-1210\" src=\"http:\/\/knfsh.al\/wp-content\/uploads\/2020\/09\/Bordi-Ekzekutiv-2.jpg\" alt=\"\" width=\"960\" height=\"554\" srcset=\"https:\/\/knfsh.al\/wp-content\/uploads\/2020\/09\/Bordi-Ekzekutiv-2.jpg 960w, https:\/\/knfsh.al\/wp-content\/uploads\/2020\/09\/Bordi-Ekzekutiv-2-300x173.jpg 300w, https:\/\/knfsh.al\/wp-content\/uploads\/2020\/09\/Bordi-Ekzekutiv-2-768x443.jpg 768w\" sizes=\"auto, (max-width: 960px) 100vw, 960px\" \/> <img loading=\"lazy\" decoding=\"async\" class=\"aligncenter size-full wp-image-1211\" src=\"http:\/\/knfsh.al\/wp-content\/uploads\/2020\/09\/ZK1A4176.jpg\" alt=\"\" width=\"1728\" height=\"1034\" srcset=\"https:\/\/knfsh.al\/wp-content\/uploads\/2020\/09\/ZK1A4176.jpg 1728w, https:\/\/knfsh.al\/wp-content\/uploads\/2020\/09\/ZK1A4176-300x180.jpg 300w, https:\/\/knfsh.al\/wp-content\/uploads\/2020\/09\/ZK1A4176-1024x613.jpg 1024w, https:\/\/knfsh.al\/wp-content\/uploads\/2020\/09\/ZK1A4176-768x460.jpg 768w, https:\/\/knfsh.al\/wp-content\/uploads\/2020\/09\/ZK1A4176-1536x919.jpg 1536w\" sizes=\"auto, (max-width: 1728px) 100vw, 1728px\" \/><\/p>","protected":false},"excerpt":{"rendered":"<p>Sot me dt. 23.09.2020 \u00ebsht\u00eb zhvilluar mbledhja e radh\u00ebs e Bordit Ekzekutiv t\u00eb K\u00ebshillit Nd\u00ebrfetar t\u00eb Shqip\u00ebris\u00eb. Mbledhja e mbajtur n\u00eb ambjentet e Arqipeshkvis\u00eb Tiran\u00eb-Durr\u00ebs \u00ebsht\u00eb hapur nga Sekretari i&#8230;<\/p>","protected":false},"author":2,"featured_media":1208,"comment_status":"closed","ping_status":"closed","sticky":false,"template":"","format":"standard","meta":{"footnotes":""},"categories":[33],"tags":[59],"class_list":["post-1207","post","type-post","status-publish","format-standard","has-post-thumbnail","hentry","category-aktivitete","tag-bordi-ekzekutiv"],"rttpg_featured_image_url":{"full":["https:\/\/knfsh.al\/wp-content\/uploads\/2020\/09\/Bordi-Ekzekutiv.jpeg",1280,960,false],"landscape":["https:\/\/knfsh.al\/wp-content\/uploads\/2020\/09\/Bordi-Ekzekutiv.jpeg",1280,960,false],"portraits":["https:\/\/knfsh.al\/wp-content\/uploads\/2020\/09\/Bordi-Ekzekutiv.jpeg",1280,960,false],"thumbnail":["https:\/\/knfsh.al\/wp-content\/uploads\/2020\/09\/Bordi-Ekzekutiv-150x150.jpeg",150,150,true],"medium":["https:\/\/knfsh.al\/wp-content\/uploads\/2020\/09\/Bordi-Ekzekutiv-300x225.jpeg",300,225,true],"large":["https:\/\/knfsh.al\/wp-content\/uploads\/2020\/09\/Bordi-Ekzekutiv-1024x768.jpeg",900,675,true],"1536x1536":["https:\/\/knfsh.al\/wp-content\/uploads\/2020\/09\/Bordi-Ekzekutiv.jpeg",1280,960,false],"2048x2048":["https:\/\/knfsh.al\/wp-content\/uploads\/2020\/09\/Bordi-Ekzekutiv.jpeg",1280,960,false],"trp-custom-language-flag":["https:\/\/knfsh.al\/wp-content\/uploads\/2020\/09\/Bordi-Ekzekutiv.jpeg",16,12,false],"post-thumbnail":["https:\/\/knfsh.al\/wp-content\/uploads\/2020\/09\/Bordi-Ekzekutiv-360x220.jpeg",360,220,true],"blog-single":["https:\/\/knfsh.al\/wp-content\/uploads\/2020\/09\/Bordi-Ekzekutiv-750x390.jpeg",750,390,true],"events-thumb":["https:\/\/knfsh.al\/wp-content\/uploads\/2020\/09\/Bordi-Ekzekutiv-170x150.jpeg",170,150,true],"events-single":["https:\/\/knfsh.al\/wp-content\/uploads\/2020\/09\/Bordi-Ekzekutiv-225x240.jpeg",225,240,true],"courses-single":["https:\/\/knfsh.al\/wp-content\/uploads\/2020\/09\/Bordi-Ekzekutiv-770x220.jpeg",770,220,true],"slider-image":["https:\/\/knfsh.al\/wp-content\/uploads\/2020\/09\/Bordi-Ekzekutiv-770x400.jpeg",770,400,true],"gallery-thumb":["https:\/\/knfsh.al\/wp-content\/uploads\/2020\/09\/Bordi-Ekzekutiv-260x180.jpeg",260,180,true],"widget-blog-thumb":["https:\/\/knfsh.al\/wp-content\/uploads\/2020\/09\/Bordi-Ekzekutiv-65x65.jpeg",65,65,true]},"rttpg_author":{"display_name":"genti","author_link":"https:\/\/knfsh.al\/en\/author\/genti\/"},"rttpg_comment":0,"rttpg_category":"<a href=\"https:\/\/knfsh.al\/en\/category\/aktivitete\/\">Aktivitete<\/a>","rttpg_excerpt":"Sot me dt. 23.09.2020 \u00ebsht\u00eb zhvilluar mbledhja e radh\u00ebs e Bordit Ekzekutiv t\u00eb K\u00ebshillit Nd\u00ebrfetar t\u00eb Shqip\u00ebris\u00eb. Mbledhja e mbajtur n\u00eb ambjentet e Arqipeshkvis\u00eb Tiran\u00eb-Durr\u00ebs \u00ebsht\u00eb hapur nga Sekretari i...","_links":{"self":[{"href":"https:\/\/knfsh.al\/en\/wp-json\/wp\/v2\/posts\/1207","targetHints":{"allow":["GET"]}}],"collection":[{"href":"https:\/\/knfsh.al\/en\/wp-json\/wp\/v2\/posts"}],"about":[{"href":"https:\/\/knfsh.al\/en\/wp-json\/wp\/v2\/types\/post"}],"author":[{"embeddable":true,"href":"https:\/\/knfsh.al\/en\/wp-json\/wp\/v2\/users\/2"}],"replies":[{"embeddable":true,"href":"https:\/\/knfsh.al\/en\/wp-json\/wp\/v2\/comments?post=1207"}],"version-history":[{"count":2,"href":"https:\/\/knfsh.al\/en\/wp-json\/wp\/v2\/posts\/1207\/revisions"}],"predecessor-version":[{"id":1213,"href":"https:\/\/knfsh.al\/en\/wp-json\/wp\/v2\/posts\/1207\/revisions\/1213"}],"wp:featuredmedia":[{"embeddable":true,"href":"https:\/\/knfsh.al\/en\/wp-json\/wp\/v2\/media\/1208"}],"wp:attachment":[{"href":"https:\/\/knfsh.al\/en\/wp-json\/wp\/v2\/media?parent=1207"}],"wp:term":[{"taxonomy":"category","embeddable":true,"href":"https:\/\/knfsh.al\/en\/wp-json\/wp\/v2\/categories?post=1207"},{"taxonomy":"post_tag","embeddable":true,"href":"https:\/\/knfsh.al\/en\/wp-json\/wp\/v2\/tags?post=1207"}],"curies":[{"name":"wp","href":"https:\/\/api.w.org\/{rel}","templated":true}]}}