{"id":1187,"date":"2020-09-09T20:39:48","date_gmt":"2020-09-09T19:39:48","guid":{"rendered":"http:\/\/knfsh.al\/?p=1187"},"modified":"2020-09-09T20:39:48","modified_gmt":"2020-09-09T19:39:48","slug":"departamenti-i-gruas-ne-knfsh-takim-me-ambasadoren-e-suedise-ne-tirane","status":"publish","type":"post","link":"https:\/\/knfsh.al\/en\/departamenti-i-gruas-ne-knfsh-takim-me-ambasadoren-e-suedise-ne-tirane\/","title":{"rendered":"Departamenti i Gruas n\u00eb KNFSH takim me Ambasadoren e Suedis\u00eb n\u00eb Tiran\u00eb"},"content":{"rendered":"<p style=\"text-align: justify;\">M\u00eb dat\u00eb 8 shator 2020, Departamenti i Gruas n\u00eb K\u00ebshillin Nd\u00ebrfetar t\u00eb Shqip\u00ebris\u00eb, organizoi nj\u00eb takim miq\u00ebsor me Ambasadoren e Ambasad\u00ebs s\u00eb Suedis\u00eb n\u00eb Tiran\u00eb Shk\u00eblqesin\u00eb e Saj znj. Elsa Hastad.<\/p>\n<p style=\"text-align: justify;\">Diskutimi interaktiv, u zhvillua me pjes\u00ebmarrjen e grave dhe vajzave p\u00ebrfaq\u00ebsuese t\u00eb komuniteteve tradicionale fetare t\u00eb Shqip\u00ebris\u00eb, pjes\u00eb aktive e K\u00ebshillit Nd\u00ebrfetar, duke prezantuar secila besimin dhe komunitetin, q\u00eb p\u00ebrfaq\u00ebson dhe rolin e tyre n\u00eb bashk\u00ebpunimin nd\u00ebrfetar.<\/p>\n<p style=\"text-align: justify;\">Gjat\u00eb k\u00ebtij bashk\u00ebbisedimi ambasadorja vler\u00ebsoi frym\u00ebn e bashk\u00ebpunimit nd\u00ebrfetar t\u00eb tyre dhe i siguroi ato se bashk\u00ebpunimi nd\u00ebrinstitucional i Departamentit t\u00eb Gruas n\u00eb K\u00ebshillin Nd\u00ebrfetar t\u00eb Shqip\u00ebris\u00eb dhe Ambasad\u00ebs s\u00eb Suedis\u00eb n\u00eb Tiran\u00eb do t\u00eb jet\u00eb i vazhduesh\u00ebm, sidomos n\u00eb aktivitete me tematika t\u00eb tilla si, promovimi i t\u00eb drejtave t\u00eb grave dhe vajzave, barazis\u00eb gjinore n\u00eb pun\u00ebsim, familje e pag\u00eb, si dhe n\u00eb tematika t\u00eb tjera, q\u00eb lidhen me fuqizimin e rolit t\u00eb gruas n\u00eb shoq\u00ebri.<\/p>\n<p style=\"text-align: justify;\">N\u00eb k\u00ebt\u00eb takim u diskutuan dhe tema t\u00eb tilla si, diskriminimi i grave t\u00eb mbuluara, ose t\u00eb atyre q\u00eb mbajn\u00eb simbole fetare gjat\u00eb aplikimit p\u00ebr pun\u00ebsim n\u00eb sektorin publik dhe jopubik; prania e ul\u00ebt e grave n\u00eb lidershipin e administrat\u00ebs, sidomos e atyre q\u00eb mbajn\u00eb veshje fetare; fuqizimi ekonomik i gruas, fush\u00eb p\u00ebr t\u00eb cil\u00ebn Ambasada Suedeze ofron bashk\u00ebpunim me financim iniciativash t\u00eb reja biznesi nga t\u00eb rejat dhe grat\u00eb; problemet e radikalizmit dhe ekstremizmit t\u00eb dhunsh\u00ebm, etj.<\/p>\n<p style=\"text-align: justify;\">Departamenti i Gruas n\u00eb K\u00ebshillin Nd\u00ebrfetar t\u00eb Shqip\u00ebris\u00eb \u00ebsht\u00eb themeluar vitin e kaluar nga Bordi i Presidenc\u00ebs n\u00eb KNFSH dhe po luan nj\u00eb rol aktiv n\u00eb aktivitete t\u00eb ndryshme sociale, duke promovuar n\u00eb forma t\u00eb ndryshme bashk\u00ebpunimin dhe dialogun nd\u00ebrfetar.<\/p>","protected":false},"excerpt":{"rendered":"<p>M\u00eb dat\u00eb 8 shator 2020, Departamenti i Gruas n\u00eb K\u00ebshillin Nd\u00ebrfetar t\u00eb Shqip\u00ebris\u00eb, organizoi nj\u00eb takim miq\u00ebsor me Ambasadoren e Ambasad\u00ebs s\u00eb Suedis\u00eb n\u00eb Tiran\u00eb Shk\u00eblqesin\u00eb e Saj znj. Elsa&#8230;<\/p>","protected":false},"author":2,"featured_media":1188,"comment_status":"closed","ping_status":"closed","sticky":false,"template":"","format":"standard","meta":{"footnotes":""},"categories":[33],"tags":[107,80,108],"class_list":["post-1187","post","type-post","status-publish","format-standard","has-post-thumbnail","hentry","category-aktivitete","tag-ambasada-e-suedise","tag-departamenti-i-gruas","tag-elsa-hastad"],"rttpg_featured_image_url":{"full":["https:\/\/knfsh.al\/wp-content\/uploads\/2020\/09\/Ambasadorja-e-Suedise.jpg",960,720,false],"landscape":["https:\/\/knfsh.al\/wp-content\/uploads\/2020\/09\/Ambasadorja-e-Suedise.jpg",960,720,false],"portraits":["https:\/\/knfsh.al\/wp-content\/uploads\/2020\/09\/Ambasadorja-e-Suedise.jpg",960,720,false],"thumbnail":["https:\/\/knfsh.al\/wp-content\/uploads\/2020\/09\/Ambasadorja-e-Suedise-150x150.jpg",150,150,true],"medium":["https:\/\/knfsh.al\/wp-content\/uploads\/2020\/09\/Ambasadorja-e-Suedise-300x225.jpg",300,225,true],"large":["https:\/\/knfsh.al\/wp-content\/uploads\/2020\/09\/Ambasadorja-e-Suedise.jpg",900,675,false],"1536x1536":["https:\/\/knfsh.al\/wp-content\/uploads\/2020\/09\/Ambasadorja-e-Suedise.jpg",960,720,false],"2048x2048":["https:\/\/knfsh.al\/wp-content\/uploads\/2020\/09\/Ambasadorja-e-Suedise.jpg",960,720,false],"trp-custom-language-flag":["https:\/\/knfsh.al\/wp-content\/uploads\/2020\/09\/Ambasadorja-e-Suedise.jpg",16,12,false],"post-thumbnail":["https:\/\/knfsh.al\/wp-content\/uploads\/2020\/09\/Ambasadorja-e-Suedise-360x220.jpg",360,220,true],"blog-single":["https:\/\/knfsh.al\/wp-content\/uploads\/2020\/09\/Ambasadorja-e-Suedise-750x390.jpg",750,390,true],"events-thumb":["https:\/\/knfsh.al\/wp-content\/uploads\/2020\/09\/Ambasadorja-e-Suedise-170x150.jpg",170,150,true],"events-single":["https:\/\/knfsh.al\/wp-content\/uploads\/2020\/09\/Ambasadorja-e-Suedise-225x240.jpg",225,240,true],"courses-single":["https:\/\/knfsh.al\/wp-content\/uploads\/2020\/09\/Ambasadorja-e-Suedise-770x220.jpg",770,220,true],"slider-image":["https:\/\/knfsh.al\/wp-content\/uploads\/2020\/09\/Ambasadorja-e-Suedise-770x400.jpg",770,400,true],"gallery-thumb":["https:\/\/knfsh.al\/wp-content\/uploads\/2020\/09\/Ambasadorja-e-Suedise-260x180.jpg",260,180,true],"widget-blog-thumb":["https:\/\/knfsh.al\/wp-content\/uploads\/2020\/09\/Ambasadorja-e-Suedise-65x65.jpg",65,65,true]},"rttpg_author":{"display_name":"genti","author_link":"https:\/\/knfsh.al\/en\/author\/genti\/"},"rttpg_comment":0,"rttpg_category":"<a href=\"https:\/\/knfsh.al\/en\/category\/aktivitete\/\">Aktivitete<\/a>","rttpg_excerpt":"M\u00eb dat\u00eb 8 shator 2020, Departamenti i Gruas n\u00eb K\u00ebshillin Nd\u00ebrfetar t\u00eb Shqip\u00ebris\u00eb, organizoi nj\u00eb takim miq\u00ebsor me Ambasadoren e Ambasad\u00ebs s\u00eb Suedis\u00eb n\u00eb Tiran\u00eb Shk\u00eblqesin\u00eb e Saj znj. Elsa...","_links":{"self":[{"href":"https:\/\/knfsh.al\/en\/wp-json\/wp\/v2\/posts\/1187","targetHints":{"allow":["GET"]}}],"collection":[{"href":"https:\/\/knfsh.al\/en\/wp-json\/wp\/v2\/posts"}],"about":[{"href":"https:\/\/knfsh.al\/en\/wp-json\/wp\/v2\/types\/post"}],"author":[{"embeddable":true,"href":"https:\/\/knfsh.al\/en\/wp-json\/wp\/v2\/users\/2"}],"replies":[{"embeddable":true,"href":"https:\/\/knfsh.al\/en\/wp-json\/wp\/v2\/comments?post=1187"}],"version-history":[{"count":1,"href":"https:\/\/knfsh.al\/en\/wp-json\/wp\/v2\/posts\/1187\/revisions"}],"predecessor-version":[{"id":1189,"href":"https:\/\/knfsh.al\/en\/wp-json\/wp\/v2\/posts\/1187\/revisions\/1189"}],"wp:featuredmedia":[{"embeddable":true,"href":"https:\/\/knfsh.al\/en\/wp-json\/wp\/v2\/media\/1188"}],"wp:attachment":[{"href":"https:\/\/knfsh.al\/en\/wp-json\/wp\/v2\/media?parent=1187"}],"wp:term":[{"taxonomy":"category","embeddable":true,"href":"https:\/\/knfsh.al\/en\/wp-json\/wp\/v2\/categories?post=1187"},{"taxonomy":"post_tag","embeddable":true,"href":"https:\/\/knfsh.al\/en\/wp-json\/wp\/v2\/tags?post=1187"}],"curies":[{"name":"wp","href":"https:\/\/api.w.org\/{rel}","templated":true}]}}