{"id":1071,"date":"2020-06-06T21:45:04","date_gmt":"2020-06-06T20:45:04","guid":{"rendered":"http:\/\/knfsh.al\/?p=1071"},"modified":"2020-06-06T21:45:04","modified_gmt":"2020-06-06T20:45:04","slug":"ngushellim-per-humbjen-e-jetes-se-nje-prej-anetareve-te-departamentit-te-rinise-ne-knfsh","status":"publish","type":"post","link":"https:\/\/knfsh.al\/en\/ngushellim-per-humbjen-e-jetes-se-nje-prej-anetareve-te-departamentit-te-rinise-ne-knfsh\/","title":{"rendered":"Ngush\u00ebllim p\u00ebr humbjen e jet\u00ebs s\u00eb nj\u00eb prej an\u00ebtar\u00ebve t\u00eb Departamentit t\u00eb Rinis\u00eb n\u00eb KNFSH"},"content":{"rendered":"<p style=\"text-align: justify;\">Departamenti i Rinis\u00eb n\u00eb K\u00ebshillin Nd\u00ebrfetar t\u00eb Shqip\u00ebris\u00eb humbi nj\u00eb prej an\u00ebtar\u00ebve m\u00eb aktiv t\u00eb tij, Xhontil Bardhin.<br \/>\nT\u00eb gjith\u00eb ne shprehim dhimbjen e thell\u00eb p\u00eb<span class=\"text_exposed_show\">r humbjen e jet\u00ebs s\u00eb tij n\u00eb nj\u00eb ngjarje tragjike, q\u00eb k\u00ebrc\u00ebnon jet\u00eb t\u00eb rinjsh.<br \/>\nKjo ngjarje e r\u00ebnd\u00eb, ka plagosur dhe nj\u00eb her\u00eb shpres\u00ebn dhe sigurin\u00eb e jet\u00ebs njer\u00ebzore n\u00eb vendin ton\u00eb, e sidomos at\u00eb t\u00eb rinis\u00eb, duke i r\u00ebn\u00eb p\u00ebrs\u00ebri k\u00ebmbanave t\u00eb alarmit p\u00ebr situat\u00ebn dhe klim\u00ebn e r\u00ebnd\u00eb t\u00eb krimit.<br \/>\nLusim Zotin q\u00eb situata t\u00eb tilla t\u00eb mos p\u00ebrs\u00ebriten m\u00eb dhe Zoti t&#8217;i jap\u00eb forc\u00eb dhe durim familjar\u00ebve t\u00eb Xhontilit. Ngush\u00ebllime Kish\u00ebs Katolik, Mons. Frendos, Seminarit Nderdioqezan dhe Departamentit t\u00eb Rinis\u00eb n\u00eb KNFSH.<br \/>\nXhontili do t\u00eb kujtohet p\u00ebrjet\u00ebsisht me buz\u00ebqeshjen e tij, shfaqur dhe n\u00eb fotot e aktiviteteve tona gjat\u00eb vitit t\u00eb kaluar.<\/span><\/p>\n<div class=\"text_exposed_show\">\n<p style=\"text-align: justify;\">Lamtumir\u00eb Xhontil.<\/p>\n<p style=\"text-align: justify;\">Sincerely,<br \/>\n<strong>Dr. Genti Kruja<\/strong><br \/>\n<strong>Sekretari i P\u00ebrgjithsh\u00ebm i\u00a0<a class=\"profileLink\" href=\"https:\/\/www.facebook.com\/keshillinderfetar\/?__tn__=KH-R&amp;eid=ARDWpMkql2hYgqMKoszqgdUzkCQCIaCrx9GRckzVBM5Gp-cbkemDKrB44p38RhNAIKlz55tvhSYRcCvb&amp;fref=mentions&amp;__xts__%5B0%5D=68.ARAtuEj_g8Me4GUOoMNMLoDH5gKHY5f3fAOrnMzSYkpZaWA6xy_G6PEo32Qe7yYzkCFvD2BOBhHxdqVcT08Q0X1FocKCNBbc9i6XdS6ckEImWN75vwTNIreA1toH_dOHLsXJn5cVVrx8aVuA6YngCSVh05vCGiVWvOqA7peCM78uQUlJ1kn7zPkTO4FPfz7xpuknwtj0qtcvkGLNbSRQTEq7HxwN8Fn-bXQoinrYglucZZGbGzZSfOdKjkdY2JmfS_udzYF21Qb8dpXCTX1UieTfMU4FwnzKNTn0USHWh7mPH49zCso-n6Ire_bsL3jR_0qvE3OdDqLKhikkdggBGe9DWw53ZVEmZPcGdve_-mTfIrVUyOSmUhTl8iZYQZWKsfR5Zd5Vk80fUFeYwMKKWsvszDCKFUqmlwivPnmlesE2rLzMJljnxtKDs_y_jmEQGTxhwuTloS-s66ZNaqH2npzJ8XO_RXhowXzkGSL_R1BUX-xisy8\" data-hovercard=\"\/ajax\/hovercard\/page.php?id=307552436503386&amp;extragetparams=%7B%22__tn__%22%3A%22%2CdKH-R-R%22%2C%22eid%22%3A%22ARDWpMkql2hYgqMKoszqgdUzkCQCIaCrx9GRckzVBM5Gp-cbkemDKrB44p38RhNAIKlz55tvhSYRcCvb%22%2C%22fref%22%3A%22mentions%22%7D\" data-hovercard-prefer-more-content-show=\"1\">Inter-religious Council of Albania<\/a><\/strong><\/p>\n<\/div>","protected":false},"excerpt":{"rendered":"<p>Departamenti i Rinis\u00eb n\u00eb K\u00ebshillin Nd\u00ebrfetar t\u00eb Shqip\u00ebris\u00eb humbi nj\u00eb prej an\u00ebtar\u00ebve m\u00eb aktiv t\u00eb tij, Xhontil Bardhin. T\u00eb gjith\u00eb ne shprehim dhimbjen e thell\u00eb p\u00ebr humbjen e jet\u00ebs s\u00eb&#8230;<\/p>","protected":false},"author":2,"featured_media":1072,"comment_status":"closed","ping_status":"closed","sticky":false,"template":"","format":"standard","meta":{"footnotes":""},"categories":[42],"tags":[],"class_list":["post-1071","post","type-post","status-publish","format-standard","has-post-thumbnail","hentry","category-deklarata"],"rttpg_featured_image_url":{"full":["https:\/\/knfsh.al\/wp-content\/uploads\/2020\/06\/102830478_633230287268931_5199878875052416025_o.jpg",1767,957,false],"landscape":["https:\/\/knfsh.al\/wp-content\/uploads\/2020\/06\/102830478_633230287268931_5199878875052416025_o.jpg",1767,957,false],"portraits":["https:\/\/knfsh.al\/wp-content\/uploads\/2020\/06\/102830478_633230287268931_5199878875052416025_o.jpg",1767,957,false],"thumbnail":["https:\/\/knfsh.al\/wp-content\/uploads\/2020\/06\/102830478_633230287268931_5199878875052416025_o-150x150.jpg",150,150,true],"medium":["https:\/\/knfsh.al\/wp-content\/uploads\/2020\/06\/102830478_633230287268931_5199878875052416025_o-300x162.jpg",300,162,true],"large":["https:\/\/knfsh.al\/wp-content\/uploads\/2020\/06\/102830478_633230287268931_5199878875052416025_o-1024x555.jpg",900,488,true],"1536x1536":["https:\/\/knfsh.al\/wp-content\/uploads\/2020\/06\/102830478_633230287268931_5199878875052416025_o.jpg",1536,832,false],"2048x2048":["https:\/\/knfsh.al\/wp-content\/uploads\/2020\/06\/102830478_633230287268931_5199878875052416025_o.jpg",1767,957,false],"trp-custom-language-flag":["https:\/\/knfsh.al\/wp-content\/uploads\/2020\/06\/102830478_633230287268931_5199878875052416025_o.jpg",18,10,false],"post-thumbnail":["https:\/\/knfsh.al\/wp-content\/uploads\/2020\/06\/102830478_633230287268931_5199878875052416025_o-360x220.jpg",360,220,true],"blog-single":["https:\/\/knfsh.al\/wp-content\/uploads\/2020\/06\/102830478_633230287268931_5199878875052416025_o-750x390.jpg",750,390,true],"events-thumb":["https:\/\/knfsh.al\/wp-content\/uploads\/2020\/06\/102830478_633230287268931_5199878875052416025_o-170x150.jpg",170,150,true],"events-single":["https:\/\/knfsh.al\/wp-content\/uploads\/2020\/06\/102830478_633230287268931_5199878875052416025_o-225x240.jpg",225,240,true],"courses-single":["https:\/\/knfsh.al\/wp-content\/uploads\/2020\/06\/102830478_633230287268931_5199878875052416025_o-770x220.jpg",770,220,true],"slider-image":["https:\/\/knfsh.al\/wp-content\/uploads\/2020\/06\/102830478_633230287268931_5199878875052416025_o-770x400.jpg",770,400,true],"gallery-thumb":["https:\/\/knfsh.al\/wp-content\/uploads\/2020\/06\/102830478_633230287268931_5199878875052416025_o-260x180.jpg",260,180,true],"widget-blog-thumb":["https:\/\/knfsh.al\/wp-content\/uploads\/2020\/06\/102830478_633230287268931_5199878875052416025_o-65x65.jpg",65,65,true]},"rttpg_author":{"display_name":"genti","author_link":"https:\/\/knfsh.al\/en\/author\/genti\/"},"rttpg_comment":0,"rttpg_category":"<a href=\"https:\/\/knfsh.al\/en\/category\/deklarata\/\">Deklarata<\/a>","rttpg_excerpt":"Departamenti i Rinis\u00eb n\u00eb K\u00ebshillin Nd\u00ebrfetar t\u00eb Shqip\u00ebris\u00eb humbi nj\u00eb prej an\u00ebtar\u00ebve m\u00eb aktiv t\u00eb tij, Xhontil Bardhin. T\u00eb gjith\u00eb ne shprehim dhimbjen e thell\u00eb p\u00ebr humbjen e jet\u00ebs s\u00eb...","_links":{"self":[{"href":"https:\/\/knfsh.al\/en\/wp-json\/wp\/v2\/posts\/1071","targetHints":{"allow":["GET"]}}],"collection":[{"href":"https:\/\/knfsh.al\/en\/wp-json\/wp\/v2\/posts"}],"about":[{"href":"https:\/\/knfsh.al\/en\/wp-json\/wp\/v2\/types\/post"}],"author":[{"embeddable":true,"href":"https:\/\/knfsh.al\/en\/wp-json\/wp\/v2\/users\/2"}],"replies":[{"embeddable":true,"href":"https:\/\/knfsh.al\/en\/wp-json\/wp\/v2\/comments?post=1071"}],"version-history":[{"count":2,"href":"https:\/\/knfsh.al\/en\/wp-json\/wp\/v2\/posts\/1071\/revisions"}],"predecessor-version":[{"id":1074,"href":"https:\/\/knfsh.al\/en\/wp-json\/wp\/v2\/posts\/1071\/revisions\/1074"}],"wp:featuredmedia":[{"embeddable":true,"href":"https:\/\/knfsh.al\/en\/wp-json\/wp\/v2\/media\/1072"}],"wp:attachment":[{"href":"https:\/\/knfsh.al\/en\/wp-json\/wp\/v2\/media?parent=1071"}],"wp:term":[{"taxonomy":"category","embeddable":true,"href":"https:\/\/knfsh.al\/en\/wp-json\/wp\/v2\/categories?post=1071"},{"taxonomy":"post_tag","embeddable":true,"href":"https:\/\/knfsh.al\/en\/wp-json\/wp\/v2\/tags?post=1071"}],"curies":[{"name":"wp","href":"https:\/\/api.w.org\/{rel}","templated":true}]}}